{"id":65,"date":"2020-12-17T21:48:00","date_gmt":"2020-12-17T20:48:00","guid":{"rendered":"https:\/\/zdp.ostroleka.pl\/?p=65"},"modified":"2021-02-27T21:48:58","modified_gmt":"2021-02-27T20:48:58","slug":"rozbudowa-i-przebudowa-ciagu-komunikacyjnego-drog-powiatowych-nr-2528w-wach-piasecznia-gleba-nr-2533w-chudek-gleba-kierzek-zawady-nr-2536w-od-drogi","status":"publish","type":"post","link":"https:\/\/zdp.ostroleka.pl\/?p=65","title":{"rendered":"Rozbudowa i przebudowa ci\u0105gu komunikacyjnego dr\u00f3g powiatowych: nr 2528W Wach \u2013 Piasecznia \u2013 Gleba, nr 2533W Chudek \u2013 Gleba \u2013 Kierzek \u2013 Zawady, nr 2536W od drogi nr 53 \u2013 Obierwia \u2013 Chudek Baranowo na terenie gminy Lelis i Kadzid\u0142o"},"content":{"rendered":"\n<figure class=\"wp-block-image size-large\"><img decoding=\"async\" width=\"316\" height=\"105\" src=\"https:\/\/zdp.ostroleka.pl\/wp-content\/uploads\/2021\/02\/pobrane.png\" alt=\"\" class=\"wp-image-66\" srcset=\"https:\/\/zdp.ostroleka.pl\/wp-content\/uploads\/2021\/02\/pobrane.png 316w, https:\/\/zdp.ostroleka.pl\/wp-content\/uploads\/2021\/02\/pobrane-300x100.png 300w\" sizes=\"(max-width: 316px) 100vw, 316px\" \/><\/figure>\n\n\n\n<p>Powiat Ostro\u0142\u0119cki przyst\u0105pi\u0142 w 2019 roku &nbsp;do realizacji projektu pn.:&nbsp;<strong>\u201eRozbudowa i przebudowa ci\u0105gu komunikacyjnego dr\u00f3g powiatowych: nr 2528W Wach \u2013 Piasecznia \u2013 Gleba, nr 2533W Chudek \u2013 Gleba \u2013 Kierzek \u2013 Zawady, nr 2536W od drogi nr 53 \u2013 Obierwia \u2013 Chudek Baranowo na terenie gminy Lelis i Kadzid\u0142o\u201d<\/strong>dofinansowanego ze \u015brodk\u00f3w&nbsp;<strong>Pa\u0144stwowego Funduszu Celowego<\/strong>&nbsp;w ramach&nbsp;<strong>Funduszu Dr\u00f3g Samorz\u0105dowych<\/strong>.<\/p>\n\n\n\n<p><strong>Kwota dofinansowania wynosi 11&nbsp;799 855,00 z\u0142otych&nbsp;<\/strong>i stanowi 80 % warto\u015bci projektu.<\/p>\n\n\n\n<p><strong>Ca\u0142kowita warto\u015b\u0107 projektu wynosi 14&nbsp;749&nbsp;819,77 z\u0142otych.<\/strong><\/p>\n\n\n\n<p>Umow\u0119&nbsp; nr FDS\/218\/2019 o dofinansowanie&nbsp; projektu&nbsp; Powiat Ostro\u0142\u0119cki&nbsp; podpisa\u0142 z Wojewod\u0105 Mazowieckim w dniu 11 grudnia 2019 roku.<\/p>\n\n\n\n<p>&nbsp;&nbsp;&nbsp;&nbsp;&nbsp;&nbsp;&nbsp;&nbsp; Celem projektu jest poprawa stanu bezpiecze\u0144stwa ruchu drogowego dla u\u017cytkownik\u00f3w ruchu drogowego w tym pieszych, zapewnienie sp\u00f3jno\u015bci sieci dr\u00f3g publicznych poprzez popraw\u0119 jako\u015bci&nbsp;&nbsp;&nbsp;&nbsp;&nbsp;&nbsp;&nbsp;&nbsp;&nbsp; i dost\u0119pno\u015bci wewn\u0105trz regionalnych po\u0142\u0105cze\u0144 komunikacyjnych o znaczeniu lokalnym. Poprzez realizacje projektu zostan\u0105 podniesione standardy techniczne dr\u00f3g powiatowych i zostanie zachowana jednorodno\u015b\u0107 sieci dr\u00f3g powiatowych oraz&nbsp; nast\u0105pi poprawa dost\u0119pno\u015bci do teren\u00f3w inwestycyjnych Powiatu Ostro\u0142\u0119ckiego.<\/p>\n\n\n\n<p>&nbsp;&nbsp;&nbsp;&nbsp;&nbsp;&nbsp;&nbsp;&nbsp; Dzi\u0119ki zrealizowaniu projektu &nbsp;zostanie rozbudowany i przebudowany ci\u0105g komunikacyjny dr\u00f3g powiatowych &nbsp;<strong>nr 2528W Wach \u2013 Piasecznia \u2013 Gleba, nr 2533W Chudek \u2013 Gleba \u2013 Kierzek \u2013 Zawady, nr 2536W od drogi nr 53 \u2013 Obierwia \u2013 Chudek \u2013 Baranowo<\/strong>&nbsp;\u0142\u0105cznie na 7 odcinkach &nbsp;o ca\u0142kowitej d\u0142ugo\u015bci 12,38 &nbsp;km. Powstanie jezdnia z nawierzchni\u0105 bitumiczn\u0105&nbsp; o szeroko\u015bci 6,0 m przy szeroko\u015bci pasa ruchu, kt\u00f3ry wyniesie 3,0 m.&nbsp; Wykonane zostan\u0105 pobocza utwardzone oraz zbudowane &nbsp;chodniki&nbsp; dla pieszych o \u0142\u0105cznej d\u0142ugo\u015bci 525 m. W ramach rozbudowy i przebudowy dr\u00f3g powiatowych wykonane zostanie 8 skrzy\u017cowa\u0144. Inwestor wykona oznakowanie poziome oraz oznakowanie pionowe z folii odblaskowej wy\u017cszej generacji oraz przej\u015bcia dla pieszych. Inwestycja zostanie zrealizowana dzi\u0119ki ogromnemu wsparciu finansowemu ze \u015brodk\u00f3w Funduszu Dr\u00f3g Samorz\u0105dowych. Projekt zostanie zako\u0144czony w 2020 roku.<\/p>\n","protected":false},"excerpt":{"rendered":"<p>Powiat Ostro\u0142\u0119cki przyst\u0105pi\u0142 w 2019 roku &nbsp;do realizacji projektu pn.:&nbsp;\u201eRozbudowa i przebudowa ci\u0105gu komunikacyjnego dr\u00f3g powiatowych: nr 2528W Wach \u2013 Piasecznia \u2013 Gleba, nr 2533W Chudek \u2013 Gleba \u2013 Kierzek \u2013 Zawady, nr 2536W od drogi nr 53 \u2013 Obierwia \u2013 Chudek Baranowo na terenie gminy Lelis i Kadzid\u0142o\u201ddofinansowanego ze \u015brodk\u00f3w&nbsp;Pa\u0144stwowego Funduszu Celowego&nbsp;w ramach&nbsp;Funduszu Dr\u00f3g [&hellip;]<\/p>\n","protected":false},"author":2,"featured_media":36,"comment_status":"open","ping_status":"open","sticky":false,"template":"","format":"standard","meta":{"om_disable_all_campaigns":false,"_monsterinsights_skip_tracking":false,"_monsterinsights_sitenote_active":false,"_monsterinsights_sitenote_note":"","_monsterinsights_sitenote_category":0,"footnotes":""},"categories":[3,7],"tags":[],"class_list":["post-65","post","type-post","status-publish","format-standard","has-post-thumbnail","hentry","category-aktualnosci","category-realizacja-inwestycji-ze-srodkow-budzetu-panstwa-w-ramach-funduszu-drog-samorzadowych"],"aioseo_notices":[],"_links":{"self":[{"href":"https:\/\/zdp.ostroleka.pl\/index.php?rest_route=\/wp\/v2\/posts\/65","targetHints":{"allow":["GET"]}}],"collection":[{"href":"https:\/\/zdp.ostroleka.pl\/index.php?rest_route=\/wp\/v2\/posts"}],"about":[{"href":"https:\/\/zdp.ostroleka.pl\/index.php?rest_route=\/wp\/v2\/types\/post"}],"author":[{"embeddable":true,"href":"https:\/\/zdp.ostroleka.pl\/index.php?rest_route=\/wp\/v2\/users\/2"}],"replies":[{"embeddable":true,"href":"https:\/\/zdp.ostroleka.pl\/index.php?rest_route=%2Fwp%2Fv2%2Fcomments&post=65"}],"version-history":[{"count":1,"href":"https:\/\/zdp.ostroleka.pl\/index.php?rest_route=\/wp\/v2\/posts\/65\/revisions"}],"predecessor-version":[{"id":67,"href":"https:\/\/zdp.ostroleka.pl\/index.php?rest_route=\/wp\/v2\/posts\/65\/revisions\/67"}],"wp:featuredmedia":[{"embeddable":true,"href":"https:\/\/zdp.ostroleka.pl\/index.php?rest_route=\/wp\/v2\/media\/36"}],"wp:attachment":[{"href":"https:\/\/zdp.ostroleka.pl\/index.php?rest_route=%2Fwp%2Fv2%2Fmedia&parent=65"}],"wp:term":[{"taxonomy":"category","embeddable":true,"href":"https:\/\/zdp.ostroleka.pl\/index.php?rest_route=%2Fwp%2Fv2%2Fcategories&post=65"},{"taxonomy":"post_tag","embeddable":true,"href":"https:\/\/zdp.ostroleka.pl\/index.php?rest_route=%2Fwp%2Fv2%2Ftags&post=65"}],"curies":[{"name":"wp","href":"https:\/\/api.w.org\/{rel}","templated":true}]}}