{"id":411,"date":"2021-04-07T13:12:36","date_gmt":"2021-04-07T11:12:36","guid":{"rendered":"https:\/\/zdp.ostroleka.pl\/?p=411"},"modified":"2021-04-07T13:12:36","modified_gmt":"2021-04-07T11:12:36","slug":"konsultacje-spoleczne","status":"publish","type":"post","link":"https:\/\/zdp.ostroleka.pl\/?p=411","title":{"rendered":"Konsultacje spo\u0142eczne"},"content":{"rendered":"\n<p>Wykonanie dokumentacji projektowej<br>rozbudowy drogi powiatowej nr 2510 W Czarnia &#8211; Surowe<\/p>\n\n\n\n<p>Zarz\u0105d Dr\u00f3g Powiatowych w Ostro\u0142\u0119ce zaprasza do wzi\u0119cia udzia\u0142u<br>w konsultacjach spo\u0142ecznych odno\u015bnie wykonania<br>dokumentacji projektowej dotycz\u0105cej<\/p>\n\n\n\n<p>Rozbudowy drogi powiatowej nr 2510 W Czarnia &#8211; Surowe<\/p>\n\n\n\n<p>Materia\u0142y informacyjne udost\u0119pnione zostan\u0105 na stronie internetowej<br>www.zdp.ostroleka.pl<br>w dniu 06.04.2021 r.<\/p>\n\n\n\n<p>Opinie dotycz\u0105ce przedsi\u0119wzi\u0119cia nale\u017cy przesy\u0142a\u0107 w terminie<br>do dnia 20 kwietnia 2021 r.<br>e-mailem na adres<br>zdpo-ka@wp.pl<\/p>\n\n\n\n<p>poczt\u0105 na adres<br>Zarz\u0105d Dr\u00f3g Powiatowych w Ostro\u0142\u0119ce, ul. Lokalna 2, 07-410 Ostro\u0142\u0119ka<\/p>\n\n\n\n<p>Przes\u0142ane opinie imienne, podpisane (nie dotyczy wiadomo\u015bci wys\u0142anych e-mailem)<br>i zawieraj\u0105ce adres nieruchomo\u015bci, kt\u00f3rej dotyczy opinia, zostan\u0105 przeanalizowane<br>i w przypadkach uzasadnionych, tj. mo\u017cliwych do zastosowania ze wzgl\u0119d\u00f3w technicznych, prawnych, \u015brodowiskowych i finansowych \u2013 uwzgl\u0119dnione.<\/p>\n\n\n\n<p>Materia\u0142y graficzne zostan\u0105 r\u00f3wnie\u017c udost\u0119pnione na stronach<br>Starostwa Powiatowego w Ostro\u0142\u0119ce i Gminy Czarnia.<\/p>\n\n\n\n<div class=\"wp-block-file\"><a href=\"https:\/\/zdp.ostroleka.pl\/wp-content\/uploads\/2021\/04\/06_2021_108_2020_konsultacje-spoleczne.pdf\">Konsultacje spo\u0142eczne<\/a><a href=\"https:\/\/zdp.ostroleka.pl\/wp-content\/uploads\/2021\/04\/06_2021_108_2020_konsultacje-spoleczne.pdf\" class=\"wp-block-file__button\" download>Pobierz<\/a><\/div>\n\n\n\n<div class=\"wp-block-file\"><a href=\"https:\/\/zdp.ostroleka.pl\/wp-content\/uploads\/2021\/04\/PZT-2510-DW-CZARNIA-ark-13-297x2000-1.pdf\">PZT-2510-DW-CZARNIA-ark-13-297&#215;2000-1<\/a><a href=\"https:\/\/zdp.ostroleka.pl\/wp-content\/uploads\/2021\/04\/PZT-2510-DW-CZARNIA-ark-13-297x2000-1.pdf\" class=\"wp-block-file__button\" download>Pobierz<\/a><\/div>\n\n\n\n<div class=\"wp-block-file\"><a href=\"https:\/\/zdp.ostroleka.pl\/wp-content\/uploads\/2021\/04\/PZT-2510-DW-CZARNIA-ark-14-297x2000-1.pdf\">PZT-2510-DW-CZARNIA-ark-14-297&#215;2000-1<\/a><a href=\"https:\/\/zdp.ostroleka.pl\/wp-content\/uploads\/2021\/04\/PZT-2510-DW-CZARNIA-ark-14-297x2000-1.pdf\" class=\"wp-block-file__button\" download>Pobierz<\/a><\/div>\n\n\n\n<div class=\"wp-block-file\"><a href=\"https:\/\/zdp.ostroleka.pl\/wp-content\/uploads\/2021\/04\/PZT-2510-DW-CZARNIA-ark-15-297x2000-1.pdf\">PZT-2510-DW-CZARNIA-ark-15-297&#215;2000-1<\/a><a href=\"https:\/\/zdp.ostroleka.pl\/wp-content\/uploads\/2021\/04\/PZT-2510-DW-CZARNIA-ark-15-297x2000-1.pdf\" class=\"wp-block-file__button\" download>Pobierz<\/a><\/div>\n\n\n\n<div class=\"wp-block-file\"><a href=\"https:\/\/zdp.ostroleka.pl\/wp-content\/uploads\/2021\/04\/PZT-2510-DW-CZARNIA-ark-16-297x2700-1.pdf\">PZT-2510-DW-CZARNIA-ark-16-297&#215;2700-1<\/a><a href=\"https:\/\/zdp.ostroleka.pl\/wp-content\/uploads\/2021\/04\/PZT-2510-DW-CZARNIA-ark-16-297x2700-1.pdf\" class=\"wp-block-file__button\" download>Pobierz<\/a><\/div>\n","protected":false},"excerpt":{"rendered":"<p>Wykonanie dokumentacji projektowejrozbudowy drogi powiatowej nr 2510 W Czarnia &#8211; Surowe Zarz\u0105d Dr\u00f3g Powiatowych w Ostro\u0142\u0119ce zaprasza do wzi\u0119cia udzia\u0142uw konsultacjach spo\u0142ecznych odno\u015bnie wykonaniadokumentacji projektowej dotycz\u0105cej Rozbudowy drogi powiatowej nr 2510 W Czarnia &#8211; Surowe Materia\u0142y informacyjne udost\u0119pnione zostan\u0105 na stronie internetowejwww.zdp.ostroleka.plw dniu 06.04.2021 r. Opinie dotycz\u0105ce przedsi\u0119wzi\u0119cia nale\u017cy przesy\u0142a\u0107 w terminiedo dnia 20 kwietnia [&hellip;]<\/p>\n","protected":false},"author":2,"featured_media":36,"comment_status":"open","ping_status":"open","sticky":false,"template":"","format":"standard","meta":{"om_disable_all_campaigns":false,"_monsterinsights_skip_tracking":false,"_monsterinsights_sitenote_active":false,"_monsterinsights_sitenote_note":"","_monsterinsights_sitenote_category":0,"footnotes":""},"categories":[3,4],"tags":[],"class_list":["post-411","post","type-post","status-publish","format-standard","has-post-thumbnail","hentry","category-aktualnosci","category-konsultacje-spoleczne"],"aioseo_notices":[],"_links":{"self":[{"href":"https:\/\/zdp.ostroleka.pl\/index.php?rest_route=\/wp\/v2\/posts\/411","targetHints":{"allow":["GET"]}}],"collection":[{"href":"https:\/\/zdp.ostroleka.pl\/index.php?rest_route=\/wp\/v2\/posts"}],"about":[{"href":"https:\/\/zdp.ostroleka.pl\/index.php?rest_route=\/wp\/v2\/types\/post"}],"author":[{"embeddable":true,"href":"https:\/\/zdp.ostroleka.pl\/index.php?rest_route=\/wp\/v2\/users\/2"}],"replies":[{"embeddable":true,"href":"https:\/\/zdp.ostroleka.pl\/index.php?rest_route=%2Fwp%2Fv2%2Fcomments&post=411"}],"version-history":[{"count":1,"href":"https:\/\/zdp.ostroleka.pl\/index.php?rest_route=\/wp\/v2\/posts\/411\/revisions"}],"predecessor-version":[{"id":417,"href":"https:\/\/zdp.ostroleka.pl\/index.php?rest_route=\/wp\/v2\/posts\/411\/revisions\/417"}],"wp:featuredmedia":[{"embeddable":true,"href":"https:\/\/zdp.ostroleka.pl\/index.php?rest_route=\/wp\/v2\/media\/36"}],"wp:attachment":[{"href":"https:\/\/zdp.ostroleka.pl\/index.php?rest_route=%2Fwp%2Fv2%2Fmedia&parent=411"}],"wp:term":[{"taxonomy":"category","embeddable":true,"href":"https:\/\/zdp.ostroleka.pl\/index.php?rest_route=%2Fwp%2Fv2%2Fcategories&post=411"},{"taxonomy":"post_tag","embeddable":true,"href":"https:\/\/zdp.ostroleka.pl\/index.php?rest_route=%2Fwp%2Fv2%2Ftags&post=411"}],"curies":[{"name":"wp","href":"https:\/\/api.w.org\/{rel}","templated":true}]}}