{"id":3039,"date":"2026-07-02T09:11:53","date_gmt":"2026-07-02T07:11:53","guid":{"rendered":"https:\/\/zdp.ostroleka.pl\/?p=3039"},"modified":"2026-07-02T09:12:31","modified_gmt":"2026-07-02T07:12:31","slug":"rozbudowa-drogi-powiatowej-nr-2501w-dabrowy-antonia-warmiak-laczki-i-drogi-powiatowej-nr-2502w-od-drogi-645-deby-warmiak-w-miejscowosci-warmiak","status":"publish","type":"post","link":"https:\/\/zdp.ostroleka.pl\/?p=3039","title":{"rendered":"Rozbudowa drogi powiatowej nr 2501W D\u0105browy \u2013 Antonia \u2013 Warmiak \u2013 \u0141\u0105czki i drogi powiatowej\u00a0 nr 2502W od drogi 645 \u2013 D\u0119by \u2013 Warmiak w miejscowo\u015bci Warmiak."},"content":{"rendered":"\n<p class=\"has-black-color has-text-color has-link-color wp-elements-1 wp-block-paragraph\">Zarz\u0105d Dr\u00f3g Powiatowych w Ostro\u0142\u0119ce zaprasza do wzi\u0119cia udzia\u0142u<\/p>\n\n\n\n<p class=\"has-black-color has-text-color has-link-color wp-elements-2 wp-block-paragraph\">w konsultacjach spo\u0142ecznych dotycz\u0105cych wykonania &nbsp;<\/p>\n\n\n\n<p class=\"has-black-color has-text-color has-link-color wp-elements-3 wp-block-paragraph\">dokumentacji projektowej dla zadania inwestycyjnego pn.:<\/p>\n\n\n\n<p class=\"has-black-color has-text-color has-link-color wp-elements-4 wp-block-paragraph\"><strong>Rozbudowa drogi powiatowej nr 2501W D\u0105browy \u2013 Antonia \u2013 Warmiak\u00a0\u2013 \u0141\u0105czki i drogi powiatowej\u00a0 nr 2502W od drogi 645 \u2013 D\u0119by \u2013 Warmiak\u00a0w miejscowo\u015bci Warmiak.<\/strong><\/p>\n\n\n\n<p class=\"has-black-color has-text-color has-link-color wp-elements-5 wp-block-paragraph\"><strong><em>W szczeg\u00f3lno\u015bci prosz\u0119 zwr\u00f3ci\u0107 uwag\u0119 na lokalizacj\u0119 zjazd\u00f3w do nieruchomo\u015bci.<\/em><\/strong><\/p>\n\n\n\n<p class=\"has-black-color has-text-color has-link-color wp-elements-6 wp-block-paragraph\"><strong>Materia\u0142y informacyjne udost\u0119pnione zostan\u0105 na stronach internetowych:<\/strong><\/p>\n\n\n\n<p class=\"has-black-color has-text-color has-link-color wp-elements-7 wp-block-paragraph\"><a href=\"http:\/\/www.zdp.ostroleka.pl\">www.zdp.ostroleka.pl<\/a> w zak\u0142adce Konsultacje Spo\u0142eczne<\/p>\n\n\n\n<p class=\"has-black-color has-text-color has-link-color wp-elements-8 wp-block-paragraph\"><a href=\"http:\/\/www.gminalyse.pl\">www.gminalyse.pl<\/a> w zak\u0142adce Aktualno\u015bci<\/p>\n\n\n\n<p class=\"has-black-color has-text-color has-link-color wp-elements-9 wp-block-paragraph\"><a href=\"http:\/\/www.powiatostrolecki.pl\">www.powiatostrolecki.pl<\/a> w zak\u0142adce Aktualno\u015bci<\/p>\n\n\n\n<p class=\"has-black-color has-text-color has-link-color wp-elements-10 wp-block-paragraph\">Opinie dotycz\u0105ce przedsi\u0119wzi\u0119cia nale\u017cy przesy\u0142a\u0107 w terminie<\/p>\n\n\n\n<p class=\"has-black-color has-text-color has-link-color wp-elements-11 wp-block-paragraph\"><strong>do dnia 17.07.2026 r.<\/strong><\/p>\n\n\n\n<p class=\"has-black-color has-text-color has-link-color wp-elements-12 wp-block-paragraph\">e-mailem na adres<\/p>\n\n\n\n<p class=\"has-black-color has-text-color has-link-color wp-elements-13 wp-block-paragraph\"><a href=\"mailto:zdpoka@zdp.ostroleka.pl\">zdpoka@zdp.ostroleka.pl<\/a><\/p>\n\n\n\n<p class=\"has-black-color has-text-color has-link-color wp-elements-14 wp-block-paragraph\">lub<\/p>\n\n\n\n<p class=\"has-black-color has-text-color has-link-color wp-elements-15 wp-block-paragraph\">poczt\u0105 na adres<\/p>\n\n\n\n<p class=\"has-black-color has-text-color has-link-color wp-elements-16 wp-block-paragraph\">Zarz\u0105d Dr\u00f3g Powiatowych w Ostro\u0142\u0119ce, ul. Lokalna 2, 07-410 Ostro\u0142\u0119ka<\/p>\n\n\n\n<p class=\"has-black-color has-text-color has-link-color wp-elements-17 wp-block-paragraph\">Przes\u0142ane opinie imienne, podpisane (nie dotyczy wiadomo\u015bci wys\u0142anych e-mailem)<br>i zawieraj\u0105ce adres nieruchomo\u015bci, kt\u00f3rej dotyczy opinia, zostan\u0105 przeanalizowane<br>i w przypadkach uzasadnionych, tj. mo\u017cliwych do zastosowania ze wzgl\u0119d\u00f3w technicznych, prawnych, \u015brodowiskowych i finansowych \u2013 uwzgl\u0119dnione.<\/p>\n\n\n\n<div class=\"wp-block-file\"><a id=\"wp-block-file--media-8428e4f2-0672-455e-ac56-cbf2f49e110d\" href=\"https:\/\/zdp.ostroleka.pl\/wp-content\/uploads\/2026\/07\/2-PZT-Warmiak-02.07.pdf\">2 PZT Warmiak 02.07<\/a><a href=\"https:\/\/zdp.ostroleka.pl\/wp-content\/uploads\/2026\/07\/2-PZT-Warmiak-02.07.pdf\" class=\"wp-block-file__button wp-element-button\" download aria-describedby=\"wp-block-file--media-8428e4f2-0672-455e-ac56-cbf2f49e110d\">Pobierz<\/a><\/div>\n","protected":false},"excerpt":{"rendered":"<p>Zarz\u0105d Dr\u00f3g Powiatowych w Ostro\u0142\u0119ce zaprasza do wzi\u0119cia udzia\u0142u w konsultacjach spo\u0142ecznych dotycz\u0105cych wykonania &nbsp; dokumentacji projektowej dla zadania inwestycyjnego pn.: Rozbudowa drogi powiatowej nr 2501W D\u0105browy \u2013 Antonia \u2013 Warmiak\u00a0\u2013 \u0141\u0105czki i drogi powiatowej\u00a0 nr 2502W od drogi 645 \u2013 D\u0119by \u2013 Warmiak\u00a0w miejscowo\u015bci Warmiak. W szczeg\u00f3lno\u015bci prosz\u0119 zwr\u00f3ci\u0107 uwag\u0119 na lokalizacj\u0119 zjazd\u00f3w do [&hellip;]<\/p>\n","protected":false},"author":2,"featured_media":36,"comment_status":"closed","ping_status":"closed","sticky":false,"template":"","format":"standard","meta":{"om_disable_all_campaigns":false,"_monsterinsights_skip_tracking":false,"footnotes":""},"categories":[4],"tags":[],"class_list":["post-3039","post","type-post","status-publish","format-standard","has-post-thumbnail","hentry","category-konsultacje-spoleczne"],"aioseo_notices":[],"aioseo_head":"\n\t\t<!-- All in One SEO 4.9.10 - aioseo.com -->\n\t<meta name=\"description\" content=\"Zarz\u0105d Dr\u00f3g Powiatowych w Ostro\u0142\u0119ce zaprasza do wzi\u0119cia udzia\u0142u w konsultacjach spo\u0142ecznych dotycz\u0105cych wykonania dokumentacji projektowej dla zadania inwestycyjnego pn.: Rozbudowa drogi powiatowej nr 2501W D\u0105browy \u2013 Antonia \u2013 Warmiak \u2013 \u0141\u0105czki i drogi powiatowej nr 2502W od drogi 645 \u2013 D\u0119by \u2013 Warmiak w miejscowo\u015bci Warmiak. W szczeg\u00f3lno\u015bci prosz\u0119 zwr\u00f3ci\u0107 uwag\u0119 na lokalizacj\u0119 zjazd\u00f3w do\" \/>\n\t<meta name=\"robots\" content=\"max-image-preview:large\" \/>\n\t<meta name=\"author\" content=\"ZDP\"\/>\n\t<link rel=\"canonical\" href=\"https:\/\/zdp.ostroleka.pl\/?p=3039\" \/>\n\t<meta name=\"generator\" content=\"All in One SEO (AIOSEO) 4.9.10\" \/>\n\t\t<meta property=\"og:locale\" content=\"pl_PL\" \/>\n\t\t<meta property=\"og:site_name\" content=\"ZDP w Ostro\u0142\u0119ce - Zarz\u0105d Dr\u00f3g Powiatowych w Ostro\u0142\u0119ce\" \/>\n\t\t<meta property=\"og:type\" content=\"article\" \/>\n\t\t<meta property=\"og:title\" content=\"Rozbudowa drogi powiatowej nr 2501W D\u0105browy \u2013 Antonia \u2013 Warmiak \u2013 \u0141\u0105czki i drogi powiatowej nr 2502W od drogi 645 \u2013 D\u0119by \u2013 Warmiak w miejscowo\u015bci Warmiak. - ZDP w Ostro\u0142\u0119ce\" \/>\n\t\t<meta property=\"og:description\" content=\"Zarz\u0105d Dr\u00f3g Powiatowych w Ostro\u0142\u0119ce zaprasza do wzi\u0119cia udzia\u0142u w konsultacjach spo\u0142ecznych dotycz\u0105cych wykonania dokumentacji projektowej dla zadania inwestycyjnego pn.: Rozbudowa drogi powiatowej nr 2501W D\u0105browy \u2013 Antonia \u2013 Warmiak \u2013 \u0141\u0105czki i drogi powiatowej nr 2502W od drogi 645 \u2013 D\u0119by \u2013 Warmiak w miejscowo\u015bci Warmiak. W szczeg\u00f3lno\u015bci prosz\u0119 zwr\u00f3ci\u0107 uwag\u0119 na lokalizacj\u0119 zjazd\u00f3w do\" \/>\n\t\t<meta property=\"og:url\" content=\"https:\/\/zdp.ostroleka.pl\/?p=3039\" \/>\n\t\t<meta property=\"article:published_time\" content=\"2026-07-02T07:11:53+00:00\" \/>\n\t\t<meta property=\"article:modified_time\" content=\"2026-07-02T07:12:31+00:00\" \/>\n\t\t<meta name=\"twitter:card\" content=\"summary_large_image\" \/>\n\t\t<meta name=\"twitter:title\" content=\"Rozbudowa drogi powiatowej nr 2501W D\u0105browy \u2013 Antonia \u2013 Warmiak \u2013 \u0141\u0105czki i drogi powiatowej nr 2502W od drogi 645 \u2013 D\u0119by \u2013 Warmiak w miejscowo\u015bci Warmiak. - ZDP w Ostro\u0142\u0119ce\" \/>\n\t\t<meta name=\"twitter:description\" content=\"Zarz\u0105d Dr\u00f3g Powiatowych w Ostro\u0142\u0119ce zaprasza do wzi\u0119cia udzia\u0142u w konsultacjach spo\u0142ecznych dotycz\u0105cych wykonania dokumentacji projektowej dla zadania inwestycyjnego pn.: Rozbudowa drogi powiatowej nr 2501W D\u0105browy \u2013 Antonia \u2013 Warmiak \u2013 \u0141\u0105czki i drogi powiatowej nr 2502W od drogi 645 \u2013 D\u0119by \u2013 Warmiak w miejscowo\u015bci Warmiak. W szczeg\u00f3lno\u015bci prosz\u0119 zwr\u00f3ci\u0107 uwag\u0119 na lokalizacj\u0119 zjazd\u00f3w do\" \/>\n\t\t<script type=\"application\/ld+json\" class=\"aioseo-schema\">\n\t\t\t{\"@context\":\"https:\\\/\\\/schema.org\",\"@graph\":[{\"@type\":\"BlogPosting\",\"@id\":\"https:\\\/\\\/zdp.ostroleka.pl\\\/?p=3039#blogposting\",\"name\":\"Rozbudowa drogi powiatowej nr 2501W D\\u0105browy \\u2013 Antonia \\u2013 Warmiak \\u2013 \\u0141\\u0105czki i drogi powiatowej nr 2502W od drogi 645 \\u2013 D\\u0119by \\u2013 Warmiak w miejscowo\\u015bci Warmiak. - ZDP w Ostro\\u0142\\u0119ce\",\"headline\":\"Rozbudowa drogi powiatowej nr 2501W D\\u0105browy \\u2013 Antonia \\u2013 Warmiak \\u2013 \\u0141\\u0105czki i drogi powiatowej\\u00a0 nr 2502W od drogi 645 \\u2013 D\\u0119by \\u2013 Warmiak w miejscowo\\u015bci Warmiak.\",\"author\":{\"@id\":\"https:\\\/\\\/zdp.ostroleka.pl\\\/?author=2#author\"},\"publisher\":{\"@id\":\"https:\\\/\\\/zdp.ostroleka.pl\\\/#organization\"},\"image\":{\"@type\":\"ImageObject\",\"url\":\"https:\\\/\\\/zdp.ostroleka.pl\\\/wp-content\\\/uploads\\\/2021\\\/02\\\/zajawka.jpg\",\"width\":1920,\"height\":1080,\"caption\":\"zajawka\"},\"datePublished\":\"2026-07-02T09:11:53+02:00\",\"dateModified\":\"2026-07-02T09:12:31+02:00\",\"inLanguage\":\"pl-PL\",\"mainEntityOfPage\":{\"@id\":\"https:\\\/\\\/zdp.ostroleka.pl\\\/?p=3039#webpage\"},\"isPartOf\":{\"@id\":\"https:\\\/\\\/zdp.ostroleka.pl\\\/?p=3039#webpage\"},\"articleSection\":\"Konsultacje spo\\u0142eczne\"},{\"@type\":\"BreadcrumbList\",\"@id\":\"https:\\\/\\\/zdp.ostroleka.pl\\\/?p=3039#breadcrumblist\",\"itemListElement\":[{\"@type\":\"ListItem\",\"@id\":\"https:\\\/\\\/zdp.ostroleka.pl#listItem\",\"position\":1,\"name\":\"Home\",\"item\":\"https:\\\/\\\/zdp.ostroleka.pl\",\"nextItem\":{\"@type\":\"ListItem\",\"@id\":\"https:\\\/\\\/zdp.ostroleka.pl\\\/?cat=4#listItem\",\"name\":\"Konsultacje spo\\u0142eczne\"}},{\"@type\":\"ListItem\",\"@id\":\"https:\\\/\\\/zdp.ostroleka.pl\\\/?cat=4#listItem\",\"position\":2,\"name\":\"Konsultacje spo\\u0142eczne\",\"item\":\"https:\\\/\\\/zdp.ostroleka.pl\\\/?cat=4\",\"nextItem\":{\"@type\":\"ListItem\",\"@id\":\"https:\\\/\\\/zdp.ostroleka.pl\\\/?p=3039#listItem\",\"name\":\"Rozbudowa drogi powiatowej nr 2501W D\\u0105browy \\u2013 Antonia \\u2013 Warmiak \\u2013 \\u0141\\u0105czki i drogi powiatowej\\u00a0 nr 2502W od drogi 645 \\u2013 D\\u0119by \\u2013 Warmiak w miejscowo\\u015bci Warmiak.\"},\"previousItem\":{\"@type\":\"ListItem\",\"@id\":\"https:\\\/\\\/zdp.ostroleka.pl#listItem\",\"name\":\"Home\"}},{\"@type\":\"ListItem\",\"@id\":\"https:\\\/\\\/zdp.ostroleka.pl\\\/?p=3039#listItem\",\"position\":3,\"name\":\"Rozbudowa drogi powiatowej nr 2501W D\\u0105browy \\u2013 Antonia \\u2013 Warmiak \\u2013 \\u0141\\u0105czki i drogi powiatowej\\u00a0 nr 2502W od drogi 645 \\u2013 D\\u0119by \\u2013 Warmiak w miejscowo\\u015bci Warmiak.\",\"previousItem\":{\"@type\":\"ListItem\",\"@id\":\"https:\\\/\\\/zdp.ostroleka.pl\\\/?cat=4#listItem\",\"name\":\"Konsultacje spo\\u0142eczne\"}}]},{\"@type\":\"Organization\",\"@id\":\"https:\\\/\\\/zdp.ostroleka.pl\\\/#organization\",\"name\":\"ZDP w Ostro\\u0142\\u0119ce\",\"description\":\"Zarz\\u0105d Dr\\u00f3g Powiatowych w Ostro\\u0142\\u0119ce\",\"url\":\"https:\\\/\\\/zdp.ostroleka.pl\\\/\"},{\"@type\":\"Person\",\"@id\":\"https:\\\/\\\/zdp.ostroleka.pl\\\/?author=2#author\",\"url\":\"https:\\\/\\\/zdp.ostroleka.pl\\\/?author=2\",\"name\":\"ZDP\",\"image\":{\"@type\":\"ImageObject\",\"@id\":\"https:\\\/\\\/zdp.ostroleka.pl\\\/?p=3039#authorImage\",\"url\":\"https:\\\/\\\/secure.gravatar.com\\\/avatar\\\/434aee96bbfd7834436f0016421128288bd11967c7bd908a3b4e0b8fbd7d6db8?s=96&d=mm&r=g\",\"width\":96,\"height\":96,\"caption\":\"ZDP\"}},{\"@type\":\"WebPage\",\"@id\":\"https:\\\/\\\/zdp.ostroleka.pl\\\/?p=3039#webpage\",\"url\":\"https:\\\/\\\/zdp.ostroleka.pl\\\/?p=3039\",\"name\":\"Rozbudowa drogi powiatowej nr 2501W D\\u0105browy \\u2013 Antonia \\u2013 Warmiak \\u2013 \\u0141\\u0105czki i drogi powiatowej nr 2502W od drogi 645 \\u2013 D\\u0119by \\u2013 Warmiak w miejscowo\\u015bci Warmiak. - ZDP w Ostro\\u0142\\u0119ce\",\"description\":\"Zarz\\u0105d Dr\\u00f3g Powiatowych w Ostro\\u0142\\u0119ce zaprasza do wzi\\u0119cia udzia\\u0142u w konsultacjach spo\\u0142ecznych dotycz\\u0105cych wykonania dokumentacji projektowej dla zadania inwestycyjnego pn.: Rozbudowa drogi powiatowej nr 2501W D\\u0105browy \\u2013 Antonia \\u2013 Warmiak \\u2013 \\u0141\\u0105czki i drogi powiatowej nr 2502W od drogi 645 \\u2013 D\\u0119by \\u2013 Warmiak w miejscowo\\u015bci Warmiak. W szczeg\\u00f3lno\\u015bci prosz\\u0119 zwr\\u00f3ci\\u0107 uwag\\u0119 na lokalizacj\\u0119 zjazd\\u00f3w do\",\"inLanguage\":\"pl-PL\",\"isPartOf\":{\"@id\":\"https:\\\/\\\/zdp.ostroleka.pl\\\/#website\"},\"breadcrumb\":{\"@id\":\"https:\\\/\\\/zdp.ostroleka.pl\\\/?p=3039#breadcrumblist\"},\"author\":{\"@id\":\"https:\\\/\\\/zdp.ostroleka.pl\\\/?author=2#author\"},\"creator\":{\"@id\":\"https:\\\/\\\/zdp.ostroleka.pl\\\/?author=2#author\"},\"image\":{\"@type\":\"ImageObject\",\"url\":\"https:\\\/\\\/zdp.ostroleka.pl\\\/wp-content\\\/uploads\\\/2021\\\/02\\\/zajawka.jpg\",\"@id\":\"https:\\\/\\\/zdp.ostroleka.pl\\\/?p=3039\\\/#mainImage\",\"width\":1920,\"height\":1080,\"caption\":\"zajawka\"},\"primaryImageOfPage\":{\"@id\":\"https:\\\/\\\/zdp.ostroleka.pl\\\/?p=3039#mainImage\"},\"datePublished\":\"2026-07-02T09:11:53+02:00\",\"dateModified\":\"2026-07-02T09:12:31+02:00\"},{\"@type\":\"WebSite\",\"@id\":\"https:\\\/\\\/zdp.ostroleka.pl\\\/#website\",\"url\":\"https:\\\/\\\/zdp.ostroleka.pl\\\/\",\"name\":\"ZDP w Ostro\\u0142\\u0119ce\",\"description\":\"Zarz\\u0105d Dr\\u00f3g Powiatowych w Ostro\\u0142\\u0119ce\",\"inLanguage\":\"pl-PL\",\"publisher\":{\"@id\":\"https:\\\/\\\/zdp.ostroleka.pl\\\/#organization\"}}]}\n\t\t<\/script>\n\t\t<!-- All in One SEO -->\n\n","aioseo_head_json":{"title":"Rozbudowa drogi powiatowej nr 2501W D\u0105browy \u2013 Antonia \u2013 Warmiak \u2013 \u0141\u0105czki i drogi powiatowej nr 2502W od drogi 645 \u2013 D\u0119by \u2013 Warmiak w miejscowo\u015bci Warmiak. - ZDP w Ostro\u0142\u0119ce","description":"Zarz\u0105d Dr\u00f3g Powiatowych w Ostro\u0142\u0119ce zaprasza do wzi\u0119cia udzia\u0142u w konsultacjach spo\u0142ecznych dotycz\u0105cych wykonania dokumentacji projektowej dla zadania inwestycyjnego pn.: Rozbudowa drogi powiatowej nr 2501W D\u0105browy \u2013 Antonia \u2013 Warmiak \u2013 \u0141\u0105czki i drogi powiatowej nr 2502W od drogi 645 \u2013 D\u0119by \u2013 Warmiak w miejscowo\u015bci Warmiak. W szczeg\u00f3lno\u015bci prosz\u0119 zwr\u00f3ci\u0107 uwag\u0119 na lokalizacj\u0119 zjazd\u00f3w do","canonical_url":"https:\/\/zdp.ostroleka.pl\/?p=3039","robots":"max-image-preview:large","keywords":"","webmasterTools":{"miscellaneous":""},"schema":{"@context":"https:\/\/schema.org","@graph":[{"@type":"BlogPosting","@id":"https:\/\/zdp.ostroleka.pl\/?p=3039#blogposting","name":"Rozbudowa drogi powiatowej nr 2501W D\u0105browy \u2013 Antonia \u2013 Warmiak \u2013 \u0141\u0105czki i drogi powiatowej nr 2502W od drogi 645 \u2013 D\u0119by \u2013 Warmiak w miejscowo\u015bci Warmiak. - ZDP w Ostro\u0142\u0119ce","headline":"Rozbudowa drogi powiatowej nr 2501W D\u0105browy \u2013 Antonia \u2013 Warmiak \u2013 \u0141\u0105czki i drogi powiatowej\u00a0 nr 2502W od drogi 645 \u2013 D\u0119by \u2013 Warmiak w miejscowo\u015bci Warmiak.","author":{"@id":"https:\/\/zdp.ostroleka.pl\/?author=2#author"},"publisher":{"@id":"https:\/\/zdp.ostroleka.pl\/#organization"},"image":{"@type":"ImageObject","url":"https:\/\/zdp.ostroleka.pl\/wp-content\/uploads\/2021\/02\/zajawka.jpg","width":1920,"height":1080,"caption":"zajawka"},"datePublished":"2026-07-02T09:11:53+02:00","dateModified":"2026-07-02T09:12:31+02:00","inLanguage":"pl-PL","mainEntityOfPage":{"@id":"https:\/\/zdp.ostroleka.pl\/?p=3039#webpage"},"isPartOf":{"@id":"https:\/\/zdp.ostroleka.pl\/?p=3039#webpage"},"articleSection":"Konsultacje spo\u0142eczne"},{"@type":"BreadcrumbList","@id":"https:\/\/zdp.ostroleka.pl\/?p=3039#breadcrumblist","itemListElement":[{"@type":"ListItem","@id":"https:\/\/zdp.ostroleka.pl#listItem","position":1,"name":"Home","item":"https:\/\/zdp.ostroleka.pl","nextItem":{"@type":"ListItem","@id":"https:\/\/zdp.ostroleka.pl\/?cat=4#listItem","name":"Konsultacje spo\u0142eczne"}},{"@type":"ListItem","@id":"https:\/\/zdp.ostroleka.pl\/?cat=4#listItem","position":2,"name":"Konsultacje spo\u0142eczne","item":"https:\/\/zdp.ostroleka.pl\/?cat=4","nextItem":{"@type":"ListItem","@id":"https:\/\/zdp.ostroleka.pl\/?p=3039#listItem","name":"Rozbudowa drogi powiatowej nr 2501W D\u0105browy \u2013 Antonia \u2013 Warmiak \u2013 \u0141\u0105czki i drogi powiatowej\u00a0 nr 2502W od drogi 645 \u2013 D\u0119by \u2013 Warmiak w miejscowo\u015bci Warmiak."},"previousItem":{"@type":"ListItem","@id":"https:\/\/zdp.ostroleka.pl#listItem","name":"Home"}},{"@type":"ListItem","@id":"https:\/\/zdp.ostroleka.pl\/?p=3039#listItem","position":3,"name":"Rozbudowa drogi powiatowej nr 2501W D\u0105browy \u2013 Antonia \u2013 Warmiak \u2013 \u0141\u0105czki i drogi powiatowej\u00a0 nr 2502W od drogi 645 \u2013 D\u0119by \u2013 Warmiak w miejscowo\u015bci Warmiak.","previousItem":{"@type":"ListItem","@id":"https:\/\/zdp.ostroleka.pl\/?cat=4#listItem","name":"Konsultacje spo\u0142eczne"}}]},{"@type":"Organization","@id":"https:\/\/zdp.ostroleka.pl\/#organization","name":"ZDP w Ostro\u0142\u0119ce","description":"Zarz\u0105d Dr\u00f3g Powiatowych w Ostro\u0142\u0119ce","url":"https:\/\/zdp.ostroleka.pl\/"},{"@type":"Person","@id":"https:\/\/zdp.ostroleka.pl\/?author=2#author","url":"https:\/\/zdp.ostroleka.pl\/?author=2","name":"ZDP","image":{"@type":"ImageObject","@id":"https:\/\/zdp.ostroleka.pl\/?p=3039#authorImage","url":"https:\/\/secure.gravatar.com\/avatar\/434aee96bbfd7834436f0016421128288bd11967c7bd908a3b4e0b8fbd7d6db8?s=96&d=mm&r=g","width":96,"height":96,"caption":"ZDP"}},{"@type":"WebPage","@id":"https:\/\/zdp.ostroleka.pl\/?p=3039#webpage","url":"https:\/\/zdp.ostroleka.pl\/?p=3039","name":"Rozbudowa drogi powiatowej nr 2501W D\u0105browy \u2013 Antonia \u2013 Warmiak \u2013 \u0141\u0105czki i drogi powiatowej nr 2502W od drogi 645 \u2013 D\u0119by \u2013 Warmiak w miejscowo\u015bci Warmiak. - ZDP w Ostro\u0142\u0119ce","description":"Zarz\u0105d Dr\u00f3g Powiatowych w Ostro\u0142\u0119ce zaprasza do wzi\u0119cia udzia\u0142u w konsultacjach spo\u0142ecznych dotycz\u0105cych wykonania dokumentacji projektowej dla zadania inwestycyjnego pn.: Rozbudowa drogi powiatowej nr 2501W D\u0105browy \u2013 Antonia \u2013 Warmiak \u2013 \u0141\u0105czki i drogi powiatowej nr 2502W od drogi 645 \u2013 D\u0119by \u2013 Warmiak w miejscowo\u015bci Warmiak. W szczeg\u00f3lno\u015bci prosz\u0119 zwr\u00f3ci\u0107 uwag\u0119 na lokalizacj\u0119 zjazd\u00f3w do","inLanguage":"pl-PL","isPartOf":{"@id":"https:\/\/zdp.ostroleka.pl\/#website"},"breadcrumb":{"@id":"https:\/\/zdp.ostroleka.pl\/?p=3039#breadcrumblist"},"author":{"@id":"https:\/\/zdp.ostroleka.pl\/?author=2#author"},"creator":{"@id":"https:\/\/zdp.ostroleka.pl\/?author=2#author"},"image":{"@type":"ImageObject","url":"https:\/\/zdp.ostroleka.pl\/wp-content\/uploads\/2021\/02\/zajawka.jpg","@id":"https:\/\/zdp.ostroleka.pl\/?p=3039\/#mainImage","width":1920,"height":1080,"caption":"zajawka"},"primaryImageOfPage":{"@id":"https:\/\/zdp.ostroleka.pl\/?p=3039#mainImage"},"datePublished":"2026-07-02T09:11:53+02:00","dateModified":"2026-07-02T09:12:31+02:00"},{"@type":"WebSite","@id":"https:\/\/zdp.ostroleka.pl\/#website","url":"https:\/\/zdp.ostroleka.pl\/","name":"ZDP w Ostro\u0142\u0119ce","description":"Zarz\u0105d Dr\u00f3g Powiatowych w Ostro\u0142\u0119ce","inLanguage":"pl-PL","publisher":{"@id":"https:\/\/zdp.ostroleka.pl\/#organization"}}]},"og:locale":"pl_PL","og:site_name":"ZDP w Ostro\u0142\u0119ce - Zarz\u0105d Dr\u00f3g Powiatowych w Ostro\u0142\u0119ce","og:type":"article","og:title":"Rozbudowa drogi powiatowej nr 2501W D\u0105browy \u2013 Antonia \u2013 Warmiak \u2013 \u0141\u0105czki i drogi powiatowej nr 2502W od drogi 645 \u2013 D\u0119by \u2013 Warmiak w miejscowo\u015bci Warmiak. - ZDP w Ostro\u0142\u0119ce","og:description":"Zarz\u0105d Dr\u00f3g Powiatowych w Ostro\u0142\u0119ce zaprasza do wzi\u0119cia udzia\u0142u w konsultacjach spo\u0142ecznych dotycz\u0105cych wykonania dokumentacji projektowej dla zadania inwestycyjnego pn.: Rozbudowa drogi powiatowej nr 2501W D\u0105browy \u2013 Antonia \u2013 Warmiak \u2013 \u0141\u0105czki i drogi powiatowej nr 2502W od drogi 645 \u2013 D\u0119by \u2013 Warmiak w miejscowo\u015bci Warmiak. W szczeg\u00f3lno\u015bci prosz\u0119 zwr\u00f3ci\u0107 uwag\u0119 na lokalizacj\u0119 zjazd\u00f3w do","og:url":"https:\/\/zdp.ostroleka.pl\/?p=3039","article:published_time":"2026-07-02T07:11:53+00:00","article:modified_time":"2026-07-02T07:12:31+00:00","twitter:card":"summary_large_image","twitter:title":"Rozbudowa drogi powiatowej nr 2501W D\u0105browy \u2013 Antonia \u2013 Warmiak \u2013 \u0141\u0105czki i drogi powiatowej nr 2502W od drogi 645 \u2013 D\u0119by \u2013 Warmiak w miejscowo\u015bci Warmiak. - ZDP w Ostro\u0142\u0119ce","twitter:description":"Zarz\u0105d Dr\u00f3g Powiatowych w Ostro\u0142\u0119ce zaprasza do wzi\u0119cia udzia\u0142u w konsultacjach spo\u0142ecznych dotycz\u0105cych wykonania dokumentacji projektowej dla zadania inwestycyjnego pn.: Rozbudowa drogi powiatowej nr 2501W D\u0105browy \u2013 Antonia \u2013 Warmiak \u2013 \u0141\u0105czki i drogi powiatowej nr 2502W od drogi 645 \u2013 D\u0119by \u2013 Warmiak w miejscowo\u015bci Warmiak. W szczeg\u00f3lno\u015bci prosz\u0119 zwr\u00f3ci\u0107 uwag\u0119 na lokalizacj\u0119 zjazd\u00f3w do"},"aioseo_meta_data":{"post_id":"3039","title":null,"description":null,"keywords":null,"keyphrases":{"focus":{"keyphrase":"","score":0,"analysis":{"keyphraseInTitle":{"score":0,"maxScore":9,"error":1}}},"additional":[]},"primary_term":null,"canonical_url":null,"og_title":null,"og_description":null,"og_object_type":"default","og_image_type":"default","og_image_url":null,"og_image_width":null,"og_image_height":null,"og_image_custom_url":null,"og_image_custom_fields":null,"og_video":"","og_custom_url":null,"og_article_section":null,"og_article_tags":null,"twitter_use_og":false,"twitter_card":"default","twitter_image_type":"default","twitter_image_url":null,"twitter_image_custom_url":null,"twitter_image_custom_fields":null,"twitter_title":null,"twitter_description":null,"schema":{"blockGraphs":[],"customGraphs":[],"default":{"data":{"Article":[],"Course":[],"Dataset":[],"FAQPage":[],"Movie":[],"Person":[],"Product":[],"ProductReview":[],"Car":[],"Recipe":[],"Service":[],"SoftwareApplication":[],"WebPage":[]},"graphName":"BlogPosting","isEnabled":true},"graphs":[]},"schema_type":"default","schema_type_options":null,"pillar_content":false,"robots_default":true,"robots_noindex":false,"robots_noarchive":false,"robots_nosnippet":false,"robots_nofollow":false,"robots_noimageindex":false,"robots_noodp":false,"robots_notranslate":false,"robots_max_snippet":"-1","robots_max_videopreview":"-1","robots_max_imagepreview":"large","priority":null,"frequency":"default","local_seo":null,"breadcrumb_settings":null,"limit_modified_date":false,"ai":{"faqs":[],"keyPoints":[],"schemas":[],"titles":[],"descriptions":[],"socialPosts":{"email":[],"linkedin":[],"twitter":[],"facebook":[],"instagram":[]}},"created":"2026-07-02 07:11:54","updated":"2026-07-04 19:49:31","seo_analyzer_scan_date":null},"aioseo_breadcrumb":"<div class=\"aioseo-breadcrumbs\"><span class=\"aioseo-breadcrumb\">\n\t\t\t<a href=\"https:\/\/zdp.ostroleka.pl\" title=\"Home\">Home<\/a>\n\t\t<\/span><span class=\"aioseo-breadcrumb-separator\">&raquo;<\/span><span class=\"aioseo-breadcrumb\">\n\t\t\t<a href=\"https:\/\/zdp.ostroleka.pl\/?cat=4\" title=\"Konsultacje spo\u0142eczne\">Konsultacje spo\u0142eczne<\/a>\n\t\t<\/span><span class=\"aioseo-breadcrumb-separator\">&raquo;<\/span><span class=\"aioseo-breadcrumb\">\n\t\t\tRozbudowa drogi powiatowej nr 2501W D\u0105browy \u2013 Antonia \u2013 Warmiak \u2013 \u0141\u0105czki i drogi powiatowej  nr 2502W od drogi 645 \u2013 D\u0119by \u2013 Warmiak w miejscowo\u015bci Warmiak.\n\t\t<\/span><\/div>","aioseo_breadcrumb_json":[{"label":"Home","link":"https:\/\/zdp.ostroleka.pl"},{"label":"Konsultacje spo\u0142eczne","link":"https:\/\/zdp.ostroleka.pl\/?cat=4"},{"label":"Rozbudowa drogi powiatowej nr 2501W D\u0105browy \u2013 Antonia \u2013 Warmiak \u2013 \u0141\u0105czki i drogi powiatowej\u00a0 nr 2502W od drogi 645 \u2013 D\u0119by \u2013 Warmiak w miejscowo\u015bci Warmiak.","link":"https:\/\/zdp.ostroleka.pl\/?p=3039"}],"_links":{"self":[{"href":"https:\/\/zdp.ostroleka.pl\/index.php?rest_route=\/wp\/v2\/posts\/3039","targetHints":{"allow":["GET"]}}],"collection":[{"href":"https:\/\/zdp.ostroleka.pl\/index.php?rest_route=\/wp\/v2\/posts"}],"about":[{"href":"https:\/\/zdp.ostroleka.pl\/index.php?rest_route=\/wp\/v2\/types\/post"}],"author":[{"embeddable":true,"href":"https:\/\/zdp.ostroleka.pl\/index.php?rest_route=\/wp\/v2\/users\/2"}],"replies":[{"embeddable":true,"href":"https:\/\/zdp.ostroleka.pl\/index.php?rest_route=%2Fwp%2Fv2%2Fcomments&post=3039"}],"version-history":[{"count":2,"href":"https:\/\/zdp.ostroleka.pl\/index.php?rest_route=\/wp\/v2\/posts\/3039\/revisions"}],"predecessor-version":[{"id":3042,"href":"https:\/\/zdp.ostroleka.pl\/index.php?rest_route=\/wp\/v2\/posts\/3039\/revisions\/3042"}],"wp:featuredmedia":[{"embeddable":true,"href":"https:\/\/zdp.ostroleka.pl\/index.php?rest_route=\/wp\/v2\/media\/36"}],"wp:attachment":[{"href":"https:\/\/zdp.ostroleka.pl\/index.php?rest_route=%2Fwp%2Fv2%2Fmedia&parent=3039"}],"wp:term":[{"taxonomy":"category","embeddable":true,"href":"https:\/\/zdp.ostroleka.pl\/index.php?rest_route=%2Fwp%2Fv2%2Fcategories&post=3039"},{"taxonomy":"post_tag","embeddable":true,"href":"https:\/\/zdp.ostroleka.pl\/index.php?rest_route=%2Fwp%2Fv2%2Ftags&post=3039"}],"curies":[{"name":"wp","href":"https:\/\/api.w.org\/{rel}","templated":true}]}}