{"id":3003,"date":"2026-05-19T11:34:27","date_gmt":"2026-05-19T09:34:27","guid":{"rendered":"https:\/\/zdp.ostroleka.pl\/?p=3003"},"modified":"2026-05-19T11:36:20","modified_gmt":"2026-05-19T09:36:20","slug":"konsultacje-spoleczne-31","status":"publish","type":"post","link":"https:\/\/zdp.ostroleka.pl\/?p=3003","title":{"rendered":"Konsultacje spo\u0142eczne"},"content":{"rendered":"\n<p class=\"has-black-color has-text-color has-link-color wp-elements-1 wp-block-paragraph\">Zarz\u0105d Dr\u00f3g Powiatowych w Ostro\u0142\u0119ce zaprasza do wzi\u0119cia udzia\u0142u<\/p>\n\n\n\n<p class=\"has-black-color has-text-color has-link-color wp-elements-2 wp-block-paragraph\">w konsultacjach spo\u0142ecznych dotycz\u0105cych wykonania &nbsp;<\/p>\n\n\n\n<p class=\"has-black-color has-text-color has-link-color wp-elements-3 wp-block-paragraph\">dokumentacji projektowej dla zadania inwestycyjnego pn.:<\/p>\n\n\n\n<p class=\"has-black-color has-text-color has-link-color wp-elements-4 wp-block-paragraph\"><strong><u>Rozbudow\u0119 drogi powiatowej 2568W Goworowo \u2013 Tomasze -Rzeku\u0144 &nbsp;&nbsp;&nbsp;&nbsp;&nbsp;&nbsp;&nbsp;&nbsp;&nbsp;&nbsp;&nbsp;&nbsp;&nbsp;&nbsp;&nbsp;&nbsp;od km 15+098 do km 16+883, drogi powiatowej 2581W Daniszewo \u2013 Czarnowiec od km 0+000 do km 0+316 i od km 2+398 do km 2+510 wraz z przebudow\u0105 dw\u00f3ch przejazd\u00f3w drogowo-kolejowych<\/u><\/strong><\/p>\n\n\n\n<p class=\"wp-block-paragraph\"><strong><em>W szczeg\u00f3lno\u015bci prosz\u0119 zwr\u00f3ci\u0107 uwag\u0119 na lokalizacj\u0119 zjazd\u00f3w do nieruchomo\u015bci.<\/em><\/strong><\/p>\n\n\n\n<p class=\"wp-block-paragraph\"><strong>Materia\u0142y informacyjne udost\u0119pnione zostan\u0105 na stronach internetowych:<\/strong><\/p>\n\n\n\n<p class=\"wp-block-paragraph\"><a href=\"http:\/\/www.zdp.ostroleka.pl\">www.zdp.ostroleka.pl<\/a> w zak\u0142adce Konsultacje Spo\u0142eczne<\/p>\n\n\n\n<p class=\"wp-block-paragraph\"><a href=\"http:\/\/www.rzekun.pl\">www.rzekun.pl<\/a> w zak\u0142adce Aktualno\u015bci<\/p>\n\n\n\n<p class=\"wp-block-paragraph\"><a href=\"http:\/\/www.powiatostrolecki.pl\">www.powiatostrolecki.pl<\/a> w zak\u0142adce Aktualno\u015bci<\/p>\n\n\n\n<p class=\"wp-block-paragraph\">Opinie dotycz\u0105ce przedsi\u0119wzi\u0119cia nale\u017cy przesy\u0142a\u0107 w terminie<\/p>\n\n\n\n<p class=\"wp-block-paragraph\"><strong>do dnia 01.06.2026 r.<\/strong><\/p>\n\n\n\n<p class=\"wp-block-paragraph\">e-mailem na adres<\/p>\n\n\n\n<p class=\"wp-block-paragraph\"><a href=\"mailto:zdpoka@zdp.ostroleka.pl\">zdpoka@zdp.ostroleka.pl<\/a><\/p>\n\n\n\n<p class=\"wp-block-paragraph\">lub<\/p>\n\n\n\n<p class=\"wp-block-paragraph\">poczt\u0105 na adres<\/p>\n\n\n\n<p class=\"wp-block-paragraph\">Zarz\u0105d Dr\u00f3g Powiatowych w Ostro\u0142\u0119ce, ul. Lokalna 2, 07-410 Ostro\u0142\u0119ka<\/p>\n\n\n\n<p class=\"wp-block-paragraph\">Przes\u0142ane opinie imienne, podpisane (nie dotyczy wiadomo\u015bci wys\u0142anych e-mailem)<br>i zawieraj\u0105ce adres nieruchomo\u015bci, kt\u00f3rej dotyczy opinia, zostan\u0105 przeanalizowane<br>i w przypadkach uzasadnionych, tj. mo\u017cliwych do zastosowania ze wzgl\u0119d\u00f3w technicznych, prawnych, \u015brodowiskowych i finansowych \u2013 uwzgl\u0119dnione.<\/p>\n\n\n\n<div class=\"wp-block-file\"><a id=\"wp-block-file--media-b6b5f0e0-2b63-49f1-aec5-e030234d8890\" href=\"https:\/\/zdp.ostroleka.pl\/wp-content\/uploads\/2026\/05\/Konsultacje-spoleczne-2568-i-2581-Pismo-na-strone.pdf\">Konsultacje spo\u0142eczne 2568 i 2581 Pismo na stron\u0119<\/a><a href=\"https:\/\/zdp.ostroleka.pl\/wp-content\/uploads\/2026\/05\/Konsultacje-spoleczne-2568-i-2581-Pismo-na-strone.pdf\" class=\"wp-block-file__button wp-element-button\" download aria-describedby=\"wp-block-file--media-b6b5f0e0-2b63-49f1-aec5-e030234d8890\">Pobierz<\/a><\/div>\n\n\n\n<div class=\"wp-block-file\"><a id=\"wp-block-file--media-3f43772d-381c-485d-8bbf-fe109058db02\" href=\"https:\/\/zdp.ostroleka.pl\/wp-content\/uploads\/2026\/05\/Rys-nr-1-Daniszewo-Czrnowiec-Goworowo-Tomaszepdf.pdf\">Rys nr 1  Daniszewo &#8211; Czrnowiec, Goworowo &#8211; Tomaszepdf<\/a><a href=\"https:\/\/zdp.ostroleka.pl\/wp-content\/uploads\/2026\/05\/Rys-nr-1-Daniszewo-Czrnowiec-Goworowo-Tomaszepdf.pdf\" class=\"wp-block-file__button wp-element-button\" download aria-describedby=\"wp-block-file--media-3f43772d-381c-485d-8bbf-fe109058db02\">Pobierz<\/a><\/div>\n\n\n\n<div class=\"wp-block-file\"><a id=\"wp-block-file--media-bde0afcc-9813-404a-b098-17bde6ae6faf\" href=\"https:\/\/zdp.ostroleka.pl\/wp-content\/uploads\/2026\/05\/Rys-nr-2-Daniszewo-Czrnowiec-Goworowo-Tomaszepdf.pdf\">Rys nr 2  Daniszewo &#8211; Czrnowiec, Goworowo &#8211; Tomaszepdf<\/a><a href=\"https:\/\/zdp.ostroleka.pl\/wp-content\/uploads\/2026\/05\/Rys-nr-2-Daniszewo-Czrnowiec-Goworowo-Tomaszepdf.pdf\" class=\"wp-block-file__button wp-element-button\" download aria-describedby=\"wp-block-file--media-bde0afcc-9813-404a-b098-17bde6ae6faf\">Pobierz<\/a><\/div>\n\n\n\n<div class=\"wp-block-file\"><a id=\"wp-block-file--media-15b86953-6c9a-41f0-8f1c-2f065f0b1aa5\" href=\"https:\/\/zdp.ostroleka.pl\/wp-content\/uploads\/2026\/05\/Rys-nr-3-Daniszewo-Czrnowiec-Goworowo-Tomaszepdf.pdf\">Rys nr 3  Daniszewo &#8211; Czrnowiec, Goworowo &#8211; Tomaszepdf<\/a><a href=\"https:\/\/zdp.ostroleka.pl\/wp-content\/uploads\/2026\/05\/Rys-nr-3-Daniszewo-Czrnowiec-Goworowo-Tomaszepdf.pdf\" class=\"wp-block-file__button wp-element-button\" download aria-describedby=\"wp-block-file--media-15b86953-6c9a-41f0-8f1c-2f065f0b1aa5\">Pobierz<\/a><\/div>\n\n\n\n<div class=\"wp-block-file\"><a id=\"wp-block-file--media-c18df405-0e0d-493d-bc74-11a9e83c9cca\" href=\"https:\/\/zdp.ostroleka.pl\/wp-content\/uploads\/2026\/05\/Rys-nr-4-Daniszewo-Czrnowiec-Goworowo-Tomaszepdf.pdf\">Rys nr 4  Daniszewo &#8211; Czrnowiec, Goworowo &#8211; Tomaszepdf<\/a><a href=\"https:\/\/zdp.ostroleka.pl\/wp-content\/uploads\/2026\/05\/Rys-nr-4-Daniszewo-Czrnowiec-Goworowo-Tomaszepdf.pdf\" class=\"wp-block-file__button wp-element-button\" download aria-describedby=\"wp-block-file--media-c18df405-0e0d-493d-bc74-11a9e83c9cca\">Pobierz<\/a><\/div>\n\n\n\n<div class=\"wp-block-file\"><a id=\"wp-block-file--media-5686b535-7d8d-442a-8e1b-3569cc63db1e\" href=\"https:\/\/zdp.ostroleka.pl\/wp-content\/uploads\/2026\/05\/Rys-nr-5-Daniszewo-Czrnowiec-Goworowo-Tomaszepdf.pdf\">Rys nr 5 Daniszewo &#8211; Czrnowiec, Goworowo &#8211; Tomaszepdf<\/a><a href=\"https:\/\/zdp.ostroleka.pl\/wp-content\/uploads\/2026\/05\/Rys-nr-5-Daniszewo-Czrnowiec-Goworowo-Tomaszepdf.pdf\" class=\"wp-block-file__button wp-element-button\" download aria-describedby=\"wp-block-file--media-5686b535-7d8d-442a-8e1b-3569cc63db1e\">Pobierz<\/a><\/div>\n","protected":false},"excerpt":{"rendered":"<p>Zarz\u0105d Dr\u00f3g Powiatowych w Ostro\u0142\u0119ce zaprasza do wzi\u0119cia udzia\u0142u w konsultacjach spo\u0142ecznych dotycz\u0105cych wykonania &nbsp; dokumentacji projektowej dla zadania inwestycyjnego pn.: Rozbudow\u0119 drogi powiatowej 2568W Goworowo \u2013 Tomasze -Rzeku\u0144 &nbsp;&nbsp;&nbsp;&nbsp;&nbsp;&nbsp;&nbsp;&nbsp;&nbsp;&nbsp;&nbsp;&nbsp;&nbsp;&nbsp;&nbsp;&nbsp;od km 15+098 do km 16+883, drogi powiatowej 2581W Daniszewo \u2013 Czarnowiec od km 0+000 do km 0+316 i od km 2+398 do km 2+510 wraz [&hellip;]<\/p>\n","protected":false},"author":2,"featured_media":36,"comment_status":"closed","ping_status":"closed","sticky":false,"template":"","format":"standard","meta":{"om_disable_all_campaigns":false,"_monsterinsights_skip_tracking":false,"footnotes":""},"categories":[4],"tags":[],"class_list":["post-3003","post","type-post","status-publish","format-standard","has-post-thumbnail","hentry","category-konsultacje-spoleczne"],"aioseo_notices":[],"aioseo_head":"\n\t\t<!-- All in One SEO 4.9.10 - aioseo.com -->\n\t<meta name=\"description\" content=\"Zarz\u0105d Dr\u00f3g Powiatowych w Ostro\u0142\u0119ce zaprasza do wzi\u0119cia udzia\u0142u w konsultacjach spo\u0142ecznych dotycz\u0105cych wykonania dokumentacji projektowej dla zadania inwestycyjnego pn.: Rozbudow\u0119 drogi powiatowej 2568W Goworowo \u2013 Tomasze -Rzeku\u0144 od km 15+098 do km 16+883, drogi powiatowej 2581W Daniszewo \u2013 Czarnowiec od km 0+000 do km 0+316 i od km 2+398 do km 2+510 wraz\" \/>\n\t<meta name=\"robots\" content=\"max-image-preview:large\" \/>\n\t<meta name=\"author\" content=\"ZDP\"\/>\n\t<link rel=\"canonical\" href=\"https:\/\/zdp.ostroleka.pl\/?p=3003\" \/>\n\t<meta name=\"generator\" content=\"All in One SEO (AIOSEO) 4.9.10\" \/>\n\t\t<meta property=\"og:locale\" content=\"pl_PL\" \/>\n\t\t<meta property=\"og:site_name\" content=\"ZDP w Ostro\u0142\u0119ce - Zarz\u0105d Dr\u00f3g Powiatowych w Ostro\u0142\u0119ce\" \/>\n\t\t<meta property=\"og:type\" content=\"article\" \/>\n\t\t<meta property=\"og:title\" content=\"Konsultacje spo\u0142eczne - ZDP w Ostro\u0142\u0119ce\" \/>\n\t\t<meta property=\"og:description\" content=\"Zarz\u0105d Dr\u00f3g Powiatowych w Ostro\u0142\u0119ce zaprasza do wzi\u0119cia udzia\u0142u w konsultacjach spo\u0142ecznych dotycz\u0105cych wykonania dokumentacji projektowej dla zadania inwestycyjnego pn.: Rozbudow\u0119 drogi powiatowej 2568W Goworowo \u2013 Tomasze -Rzeku\u0144 od km 15+098 do km 16+883, drogi powiatowej 2581W Daniszewo \u2013 Czarnowiec od km 0+000 do km 0+316 i od km 2+398 do km 2+510 wraz\" \/>\n\t\t<meta property=\"og:url\" content=\"https:\/\/zdp.ostroleka.pl\/?p=3003\" \/>\n\t\t<meta property=\"article:published_time\" content=\"2026-05-19T09:34:27+00:00\" \/>\n\t\t<meta property=\"article:modified_time\" content=\"2026-05-19T09:36:20+00:00\" \/>\n\t\t<meta name=\"twitter:card\" content=\"summary_large_image\" \/>\n\t\t<meta name=\"twitter:title\" content=\"Konsultacje spo\u0142eczne - ZDP w Ostro\u0142\u0119ce\" \/>\n\t\t<meta name=\"twitter:description\" content=\"Zarz\u0105d Dr\u00f3g Powiatowych w Ostro\u0142\u0119ce zaprasza do wzi\u0119cia udzia\u0142u w konsultacjach spo\u0142ecznych dotycz\u0105cych wykonania dokumentacji projektowej dla zadania inwestycyjnego pn.: Rozbudow\u0119 drogi powiatowej 2568W Goworowo \u2013 Tomasze -Rzeku\u0144 od km 15+098 do km 16+883, drogi powiatowej 2581W Daniszewo \u2013 Czarnowiec od km 0+000 do km 0+316 i od km 2+398 do km 2+510 wraz\" \/>\n\t\t<script type=\"application\/ld+json\" class=\"aioseo-schema\">\n\t\t\t{\"@context\":\"https:\\\/\\\/schema.org\",\"@graph\":[{\"@type\":\"BlogPosting\",\"@id\":\"https:\\\/\\\/zdp.ostroleka.pl\\\/?p=3003#blogposting\",\"name\":\"Konsultacje spo\\u0142eczne - ZDP w Ostro\\u0142\\u0119ce\",\"headline\":\"Konsultacje spo\\u0142eczne\",\"author\":{\"@id\":\"https:\\\/\\\/zdp.ostroleka.pl\\\/?author=2#author\"},\"publisher\":{\"@id\":\"https:\\\/\\\/zdp.ostroleka.pl\\\/#organization\"},\"image\":{\"@type\":\"ImageObject\",\"url\":\"https:\\\/\\\/zdp.ostroleka.pl\\\/wp-content\\\/uploads\\\/2021\\\/02\\\/zajawka.jpg\",\"width\":1920,\"height\":1080,\"caption\":\"zajawka\"},\"datePublished\":\"2026-05-19T11:34:27+02:00\",\"dateModified\":\"2026-05-19T11:36:20+02:00\",\"inLanguage\":\"pl-PL\",\"mainEntityOfPage\":{\"@id\":\"https:\\\/\\\/zdp.ostroleka.pl\\\/?p=3003#webpage\"},\"isPartOf\":{\"@id\":\"https:\\\/\\\/zdp.ostroleka.pl\\\/?p=3003#webpage\"},\"articleSection\":\"Konsultacje spo\\u0142eczne\"},{\"@type\":\"BreadcrumbList\",\"@id\":\"https:\\\/\\\/zdp.ostroleka.pl\\\/?p=3003#breadcrumblist\",\"itemListElement\":[{\"@type\":\"ListItem\",\"@id\":\"https:\\\/\\\/zdp.ostroleka.pl#listItem\",\"position\":1,\"name\":\"Home\",\"item\":\"https:\\\/\\\/zdp.ostroleka.pl\",\"nextItem\":{\"@type\":\"ListItem\",\"@id\":\"https:\\\/\\\/zdp.ostroleka.pl\\\/?cat=4#listItem\",\"name\":\"Konsultacje spo\\u0142eczne\"}},{\"@type\":\"ListItem\",\"@id\":\"https:\\\/\\\/zdp.ostroleka.pl\\\/?cat=4#listItem\",\"position\":2,\"name\":\"Konsultacje spo\\u0142eczne\",\"item\":\"https:\\\/\\\/zdp.ostroleka.pl\\\/?cat=4\",\"nextItem\":{\"@type\":\"ListItem\",\"@id\":\"https:\\\/\\\/zdp.ostroleka.pl\\\/?p=3003#listItem\",\"name\":\"Konsultacje spo\\u0142eczne\"},\"previousItem\":{\"@type\":\"ListItem\",\"@id\":\"https:\\\/\\\/zdp.ostroleka.pl#listItem\",\"name\":\"Home\"}},{\"@type\":\"ListItem\",\"@id\":\"https:\\\/\\\/zdp.ostroleka.pl\\\/?p=3003#listItem\",\"position\":3,\"name\":\"Konsultacje spo\\u0142eczne\",\"previousItem\":{\"@type\":\"ListItem\",\"@id\":\"https:\\\/\\\/zdp.ostroleka.pl\\\/?cat=4#listItem\",\"name\":\"Konsultacje spo\\u0142eczne\"}}]},{\"@type\":\"Organization\",\"@id\":\"https:\\\/\\\/zdp.ostroleka.pl\\\/#organization\",\"name\":\"ZDP w Ostro\\u0142\\u0119ce\",\"description\":\"Zarz\\u0105d Dr\\u00f3g Powiatowych w Ostro\\u0142\\u0119ce\",\"url\":\"https:\\\/\\\/zdp.ostroleka.pl\\\/\"},{\"@type\":\"Person\",\"@id\":\"https:\\\/\\\/zdp.ostroleka.pl\\\/?author=2#author\",\"url\":\"https:\\\/\\\/zdp.ostroleka.pl\\\/?author=2\",\"name\":\"ZDP\",\"image\":{\"@type\":\"ImageObject\",\"@id\":\"https:\\\/\\\/zdp.ostroleka.pl\\\/?p=3003#authorImage\",\"url\":\"https:\\\/\\\/secure.gravatar.com\\\/avatar\\\/434aee96bbfd7834436f0016421128288bd11967c7bd908a3b4e0b8fbd7d6db8?s=96&d=mm&r=g\",\"width\":96,\"height\":96,\"caption\":\"ZDP\"}},{\"@type\":\"WebPage\",\"@id\":\"https:\\\/\\\/zdp.ostroleka.pl\\\/?p=3003#webpage\",\"url\":\"https:\\\/\\\/zdp.ostroleka.pl\\\/?p=3003\",\"name\":\"Konsultacje spo\\u0142eczne - ZDP w Ostro\\u0142\\u0119ce\",\"description\":\"Zarz\\u0105d Dr\\u00f3g Powiatowych w Ostro\\u0142\\u0119ce zaprasza do wzi\\u0119cia udzia\\u0142u w konsultacjach spo\\u0142ecznych dotycz\\u0105cych wykonania dokumentacji projektowej dla zadania inwestycyjnego pn.: Rozbudow\\u0119 drogi powiatowej 2568W Goworowo \\u2013 Tomasze -Rzeku\\u0144 od km 15+098 do km 16+883, drogi powiatowej 2581W Daniszewo \\u2013 Czarnowiec od km 0+000 do km 0+316 i od km 2+398 do km 2+510 wraz\",\"inLanguage\":\"pl-PL\",\"isPartOf\":{\"@id\":\"https:\\\/\\\/zdp.ostroleka.pl\\\/#website\"},\"breadcrumb\":{\"@id\":\"https:\\\/\\\/zdp.ostroleka.pl\\\/?p=3003#breadcrumblist\"},\"author\":{\"@id\":\"https:\\\/\\\/zdp.ostroleka.pl\\\/?author=2#author\"},\"creator\":{\"@id\":\"https:\\\/\\\/zdp.ostroleka.pl\\\/?author=2#author\"},\"image\":{\"@type\":\"ImageObject\",\"url\":\"https:\\\/\\\/zdp.ostroleka.pl\\\/wp-content\\\/uploads\\\/2021\\\/02\\\/zajawka.jpg\",\"@id\":\"https:\\\/\\\/zdp.ostroleka.pl\\\/?p=3003\\\/#mainImage\",\"width\":1920,\"height\":1080,\"caption\":\"zajawka\"},\"primaryImageOfPage\":{\"@id\":\"https:\\\/\\\/zdp.ostroleka.pl\\\/?p=3003#mainImage\"},\"datePublished\":\"2026-05-19T11:34:27+02:00\",\"dateModified\":\"2026-05-19T11:36:20+02:00\"},{\"@type\":\"WebSite\",\"@id\":\"https:\\\/\\\/zdp.ostroleka.pl\\\/#website\",\"url\":\"https:\\\/\\\/zdp.ostroleka.pl\\\/\",\"name\":\"ZDP w Ostro\\u0142\\u0119ce\",\"description\":\"Zarz\\u0105d Dr\\u00f3g Powiatowych w Ostro\\u0142\\u0119ce\",\"inLanguage\":\"pl-PL\",\"publisher\":{\"@id\":\"https:\\\/\\\/zdp.ostroleka.pl\\\/#organization\"}}]}\n\t\t<\/script>\n\t\t<!-- All in One SEO -->\n\n","aioseo_head_json":{"title":"Konsultacje spo\u0142eczne - ZDP w Ostro\u0142\u0119ce","description":"Zarz\u0105d Dr\u00f3g Powiatowych w Ostro\u0142\u0119ce zaprasza do wzi\u0119cia udzia\u0142u w konsultacjach spo\u0142ecznych dotycz\u0105cych wykonania dokumentacji projektowej dla zadania inwestycyjnego pn.: Rozbudow\u0119 drogi powiatowej 2568W Goworowo \u2013 Tomasze -Rzeku\u0144 od km 15+098 do km 16+883, drogi powiatowej 2581W Daniszewo \u2013 Czarnowiec od km 0+000 do km 0+316 i od km 2+398 do km 2+510 wraz","canonical_url":"https:\/\/zdp.ostroleka.pl\/?p=3003","robots":"max-image-preview:large","keywords":"","webmasterTools":{"miscellaneous":""},"schema":{"@context":"https:\/\/schema.org","@graph":[{"@type":"BlogPosting","@id":"https:\/\/zdp.ostroleka.pl\/?p=3003#blogposting","name":"Konsultacje spo\u0142eczne - ZDP w Ostro\u0142\u0119ce","headline":"Konsultacje spo\u0142eczne","author":{"@id":"https:\/\/zdp.ostroleka.pl\/?author=2#author"},"publisher":{"@id":"https:\/\/zdp.ostroleka.pl\/#organization"},"image":{"@type":"ImageObject","url":"https:\/\/zdp.ostroleka.pl\/wp-content\/uploads\/2021\/02\/zajawka.jpg","width":1920,"height":1080,"caption":"zajawka"},"datePublished":"2026-05-19T11:34:27+02:00","dateModified":"2026-05-19T11:36:20+02:00","inLanguage":"pl-PL","mainEntityOfPage":{"@id":"https:\/\/zdp.ostroleka.pl\/?p=3003#webpage"},"isPartOf":{"@id":"https:\/\/zdp.ostroleka.pl\/?p=3003#webpage"},"articleSection":"Konsultacje spo\u0142eczne"},{"@type":"BreadcrumbList","@id":"https:\/\/zdp.ostroleka.pl\/?p=3003#breadcrumblist","itemListElement":[{"@type":"ListItem","@id":"https:\/\/zdp.ostroleka.pl#listItem","position":1,"name":"Home","item":"https:\/\/zdp.ostroleka.pl","nextItem":{"@type":"ListItem","@id":"https:\/\/zdp.ostroleka.pl\/?cat=4#listItem","name":"Konsultacje spo\u0142eczne"}},{"@type":"ListItem","@id":"https:\/\/zdp.ostroleka.pl\/?cat=4#listItem","position":2,"name":"Konsultacje spo\u0142eczne","item":"https:\/\/zdp.ostroleka.pl\/?cat=4","nextItem":{"@type":"ListItem","@id":"https:\/\/zdp.ostroleka.pl\/?p=3003#listItem","name":"Konsultacje spo\u0142eczne"},"previousItem":{"@type":"ListItem","@id":"https:\/\/zdp.ostroleka.pl#listItem","name":"Home"}},{"@type":"ListItem","@id":"https:\/\/zdp.ostroleka.pl\/?p=3003#listItem","position":3,"name":"Konsultacje spo\u0142eczne","previousItem":{"@type":"ListItem","@id":"https:\/\/zdp.ostroleka.pl\/?cat=4#listItem","name":"Konsultacje spo\u0142eczne"}}]},{"@type":"Organization","@id":"https:\/\/zdp.ostroleka.pl\/#organization","name":"ZDP w Ostro\u0142\u0119ce","description":"Zarz\u0105d Dr\u00f3g Powiatowych w Ostro\u0142\u0119ce","url":"https:\/\/zdp.ostroleka.pl\/"},{"@type":"Person","@id":"https:\/\/zdp.ostroleka.pl\/?author=2#author","url":"https:\/\/zdp.ostroleka.pl\/?author=2","name":"ZDP","image":{"@type":"ImageObject","@id":"https:\/\/zdp.ostroleka.pl\/?p=3003#authorImage","url":"https:\/\/secure.gravatar.com\/avatar\/434aee96bbfd7834436f0016421128288bd11967c7bd908a3b4e0b8fbd7d6db8?s=96&d=mm&r=g","width":96,"height":96,"caption":"ZDP"}},{"@type":"WebPage","@id":"https:\/\/zdp.ostroleka.pl\/?p=3003#webpage","url":"https:\/\/zdp.ostroleka.pl\/?p=3003","name":"Konsultacje spo\u0142eczne - ZDP w Ostro\u0142\u0119ce","description":"Zarz\u0105d Dr\u00f3g Powiatowych w Ostro\u0142\u0119ce zaprasza do wzi\u0119cia udzia\u0142u w konsultacjach spo\u0142ecznych dotycz\u0105cych wykonania dokumentacji projektowej dla zadania inwestycyjnego pn.: Rozbudow\u0119 drogi powiatowej 2568W Goworowo \u2013 Tomasze -Rzeku\u0144 od km 15+098 do km 16+883, drogi powiatowej 2581W Daniszewo \u2013 Czarnowiec od km 0+000 do km 0+316 i od km 2+398 do km 2+510 wraz","inLanguage":"pl-PL","isPartOf":{"@id":"https:\/\/zdp.ostroleka.pl\/#website"},"breadcrumb":{"@id":"https:\/\/zdp.ostroleka.pl\/?p=3003#breadcrumblist"},"author":{"@id":"https:\/\/zdp.ostroleka.pl\/?author=2#author"},"creator":{"@id":"https:\/\/zdp.ostroleka.pl\/?author=2#author"},"image":{"@type":"ImageObject","url":"https:\/\/zdp.ostroleka.pl\/wp-content\/uploads\/2021\/02\/zajawka.jpg","@id":"https:\/\/zdp.ostroleka.pl\/?p=3003\/#mainImage","width":1920,"height":1080,"caption":"zajawka"},"primaryImageOfPage":{"@id":"https:\/\/zdp.ostroleka.pl\/?p=3003#mainImage"},"datePublished":"2026-05-19T11:34:27+02:00","dateModified":"2026-05-19T11:36:20+02:00"},{"@type":"WebSite","@id":"https:\/\/zdp.ostroleka.pl\/#website","url":"https:\/\/zdp.ostroleka.pl\/","name":"ZDP w Ostro\u0142\u0119ce","description":"Zarz\u0105d Dr\u00f3g Powiatowych w Ostro\u0142\u0119ce","inLanguage":"pl-PL","publisher":{"@id":"https:\/\/zdp.ostroleka.pl\/#organization"}}]},"og:locale":"pl_PL","og:site_name":"ZDP w Ostro\u0142\u0119ce - Zarz\u0105d Dr\u00f3g Powiatowych w Ostro\u0142\u0119ce","og:type":"article","og:title":"Konsultacje spo\u0142eczne - ZDP w Ostro\u0142\u0119ce","og:description":"Zarz\u0105d Dr\u00f3g Powiatowych w Ostro\u0142\u0119ce zaprasza do wzi\u0119cia udzia\u0142u w konsultacjach spo\u0142ecznych dotycz\u0105cych wykonania dokumentacji projektowej dla zadania inwestycyjnego pn.: Rozbudow\u0119 drogi powiatowej 2568W Goworowo \u2013 Tomasze -Rzeku\u0144 od km 15+098 do km 16+883, drogi powiatowej 2581W Daniszewo \u2013 Czarnowiec od km 0+000 do km 0+316 i od km 2+398 do km 2+510 wraz","og:url":"https:\/\/zdp.ostroleka.pl\/?p=3003","article:published_time":"2026-05-19T09:34:27+00:00","article:modified_time":"2026-05-19T09:36:20+00:00","twitter:card":"summary_large_image","twitter:title":"Konsultacje spo\u0142eczne - ZDP w Ostro\u0142\u0119ce","twitter:description":"Zarz\u0105d Dr\u00f3g Powiatowych w Ostro\u0142\u0119ce zaprasza do wzi\u0119cia udzia\u0142u w konsultacjach spo\u0142ecznych dotycz\u0105cych wykonania dokumentacji projektowej dla zadania inwestycyjnego pn.: Rozbudow\u0119 drogi powiatowej 2568W Goworowo \u2013 Tomasze -Rzeku\u0144 od km 15+098 do km 16+883, drogi powiatowej 2581W Daniszewo \u2013 Czarnowiec od km 0+000 do km 0+316 i od km 2+398 do km 2+510 wraz"},"aioseo_meta_data":{"post_id":"3003","title":null,"description":null,"keywords":null,"keyphrases":{"focus":{"keyphrase":"","score":0,"analysis":{"keyphraseInTitle":{"score":0,"maxScore":9,"error":1}}},"additional":[]},"primary_term":null,"canonical_url":null,"og_title":null,"og_description":null,"og_object_type":"default","og_image_type":"default","og_image_url":null,"og_image_width":null,"og_image_height":null,"og_image_custom_url":null,"og_image_custom_fields":null,"og_video":"","og_custom_url":null,"og_article_section":null,"og_article_tags":null,"twitter_use_og":false,"twitter_card":"default","twitter_image_type":"default","twitter_image_url":null,"twitter_image_custom_url":null,"twitter_image_custom_fields":null,"twitter_title":null,"twitter_description":null,"schema":{"blockGraphs":[],"customGraphs":[],"default":{"data":{"Article":[],"Course":[],"Dataset":[],"FAQPage":[],"Movie":[],"Person":[],"Product":[],"ProductReview":[],"Car":[],"Recipe":[],"Service":[],"SoftwareApplication":[],"WebPage":[]},"graphName":"BlogPosting","isEnabled":true},"graphs":[]},"schema_type":"default","schema_type_options":null,"pillar_content":false,"robots_default":true,"robots_noindex":false,"robots_noarchive":false,"robots_nosnippet":false,"robots_nofollow":false,"robots_noimageindex":false,"robots_noodp":false,"robots_notranslate":false,"robots_max_snippet":"-1","robots_max_videopreview":"-1","robots_max_imagepreview":"large","priority":null,"frequency":"default","local_seo":null,"breadcrumb_settings":null,"limit_modified_date":false,"ai":{"faqs":[],"keyPoints":[],"schemas":[],"titles":[],"descriptions":[],"socialPosts":{"email":[],"linkedin":[],"twitter":[],"facebook":[],"instagram":[]}},"created":"2026-05-19 09:34:28","updated":"2026-05-19 09:37:26","seo_analyzer_scan_date":null},"aioseo_breadcrumb":"<div class=\"aioseo-breadcrumbs\"><span class=\"aioseo-breadcrumb\">\n\t\t\t<a href=\"https:\/\/zdp.ostroleka.pl\" title=\"Home\">Home<\/a>\n\t\t<\/span><span class=\"aioseo-breadcrumb-separator\">&raquo;<\/span><span class=\"aioseo-breadcrumb\">\n\t\t\t<a href=\"https:\/\/zdp.ostroleka.pl\/?cat=4\" title=\"Konsultacje spo\u0142eczne\">Konsultacje spo\u0142eczne<\/a>\n\t\t<\/span><span class=\"aioseo-breadcrumb-separator\">&raquo;<\/span><span class=\"aioseo-breadcrumb\">\n\t\t\tKonsultacje spo\u0142eczne\n\t\t<\/span><\/div>","aioseo_breadcrumb_json":[{"label":"Home","link":"https:\/\/zdp.ostroleka.pl"},{"label":"Konsultacje spo\u0142eczne","link":"https:\/\/zdp.ostroleka.pl\/?cat=4"},{"label":"Konsultacje spo\u0142eczne","link":"https:\/\/zdp.ostroleka.pl\/?p=3003"}],"_links":{"self":[{"href":"https:\/\/zdp.ostroleka.pl\/index.php?rest_route=\/wp\/v2\/posts\/3003","targetHints":{"allow":["GET"]}}],"collection":[{"href":"https:\/\/zdp.ostroleka.pl\/index.php?rest_route=\/wp\/v2\/posts"}],"about":[{"href":"https:\/\/zdp.ostroleka.pl\/index.php?rest_route=\/wp\/v2\/types\/post"}],"author":[{"embeddable":true,"href":"https:\/\/zdp.ostroleka.pl\/index.php?rest_route=\/wp\/v2\/users\/2"}],"replies":[{"embeddable":true,"href":"https:\/\/zdp.ostroleka.pl\/index.php?rest_route=%2Fwp%2Fv2%2Fcomments&post=3003"}],"version-history":[{"count":2,"href":"https:\/\/zdp.ostroleka.pl\/index.php?rest_route=\/wp\/v2\/posts\/3003\/revisions"}],"predecessor-version":[{"id":3011,"href":"https:\/\/zdp.ostroleka.pl\/index.php?rest_route=\/wp\/v2\/posts\/3003\/revisions\/3011"}],"wp:featuredmedia":[{"embeddable":true,"href":"https:\/\/zdp.ostroleka.pl\/index.php?rest_route=\/wp\/v2\/media\/36"}],"wp:attachment":[{"href":"https:\/\/zdp.ostroleka.pl\/index.php?rest_route=%2Fwp%2Fv2%2Fmedia&parent=3003"}],"wp:term":[{"taxonomy":"category","embeddable":true,"href":"https:\/\/zdp.ostroleka.pl\/index.php?rest_route=%2Fwp%2Fv2%2Fcategories&post=3003"},{"taxonomy":"post_tag","embeddable":true,"href":"https:\/\/zdp.ostroleka.pl\/index.php?rest_route=%2Fwp%2Fv2%2Ftags&post=3003"}],"curies":[{"name":"wp","href":"https:\/\/api.w.org\/{rel}","templated":true}]}}