{"id":2908,"date":"2025-10-08T23:04:39","date_gmt":"2025-10-08T21:04:39","guid":{"rendered":"https:\/\/zdp.ostroleka.pl\/?p=2908"},"modified":"2025-10-08T23:07:08","modified_gmt":"2025-10-08T21:07:08","slug":"dzien-wolny-od-pracy-2","status":"publish","type":"post","link":"https:\/\/zdp.ostroleka.pl\/?p=2908","title":{"rendered":"Dzie\u0144 wolny od pracy"},"content":{"rendered":"\n<p class=\"has-black-color has-text-color has-link-color wp-elements-4a73b15317b9ca068dabf909095dee7d\"><strong>10 listopada 2025r<\/strong>\u00a0(poniedzia\u0142ek) jest dniem wolnym od pracy dla pracownik\u00f3w Zarz\u0105du Dr\u00f3g Powiatowych w Ostro\u0142\u0119ce, w zamian za przypadaj\u0105cy w sobot\u0119 01 listopada 2025r.<\/p>\n\n\n\n<p class=\"has-black-color has-text-color has-link-color wp-elements-9ac00cf961d1ea846fe5a532228b76c6\"><\/p>\n","protected":false},"excerpt":{"rendered":"<p>10 listopada 2025r\u00a0(poniedzia\u0142ek) jest dniem wolnym od pracy dla pracownik\u00f3w Zarz\u0105du Dr\u00f3g Powiatowych w Ostro\u0142\u0119ce, w zamian za przypadaj\u0105cy w sobot\u0119 01 listopada 2025r.<\/p>\n","protected":false},"author":2,"featured_media":36,"comment_status":"closed","ping_status":"closed","sticky":false,"template":"","format":"standard","meta":{"om_disable_all_campaigns":false,"_monsterinsights_skip_tracking":false,"_monsterinsights_sitenote_active":false,"_monsterinsights_sitenote_note":"","_monsterinsights_sitenote_category":0,"footnotes":""},"categories":[3],"tags":[],"class_list":["post-2908","post","type-post","status-publish","format-standard","has-post-thumbnail","hentry","category-aktualnosci"],"aioseo_notices":[],"_links":{"self":[{"href":"https:\/\/zdp.ostroleka.pl\/index.php?rest_route=\/wp\/v2\/posts\/2908","targetHints":{"allow":["GET"]}}],"collection":[{"href":"https:\/\/zdp.ostroleka.pl\/index.php?rest_route=\/wp\/v2\/posts"}],"about":[{"href":"https:\/\/zdp.ostroleka.pl\/index.php?rest_route=\/wp\/v2\/types\/post"}],"author":[{"embeddable":true,"href":"https:\/\/zdp.ostroleka.pl\/index.php?rest_route=\/wp\/v2\/users\/2"}],"replies":[{"embeddable":true,"href":"https:\/\/zdp.ostroleka.pl\/index.php?rest_route=%2Fwp%2Fv2%2Fcomments&post=2908"}],"version-history":[{"count":2,"href":"https:\/\/zdp.ostroleka.pl\/index.php?rest_route=\/wp\/v2\/posts\/2908\/revisions"}],"predecessor-version":[{"id":2911,"href":"https:\/\/zdp.ostroleka.pl\/index.php?rest_route=\/wp\/v2\/posts\/2908\/revisions\/2911"}],"wp:featuredmedia":[{"embeddable":true,"href":"https:\/\/zdp.ostroleka.pl\/index.php?rest_route=\/wp\/v2\/media\/36"}],"wp:attachment":[{"href":"https:\/\/zdp.ostroleka.pl\/index.php?rest_route=%2Fwp%2Fv2%2Fmedia&parent=2908"}],"wp:term":[{"taxonomy":"category","embeddable":true,"href":"https:\/\/zdp.ostroleka.pl\/index.php?rest_route=%2Fwp%2Fv2%2Fcategories&post=2908"},{"taxonomy":"post_tag","embeddable":true,"href":"https:\/\/zdp.ostroleka.pl\/index.php?rest_route=%2Fwp%2Fv2%2Ftags&post=2908"}],"curies":[{"name":"wp","href":"https:\/\/api.w.org\/{rel}","templated":true}]}}