{"id":2529,"date":"2024-09-19T18:59:05","date_gmt":"2024-09-19T16:59:05","guid":{"rendered":"https:\/\/zdp.ostroleka.pl\/?p=2529"},"modified":"2024-09-19T20:05:49","modified_gmt":"2024-09-19T18:05:49","slug":"2529","status":"publish","type":"post","link":"https:\/\/zdp.ostroleka.pl\/?p=2529","title":{"rendered":"Przebudowa drogi pow. Nr 2551W Rzeku\u0144 \u2013 Zabiele \u2013 \u0141\u0105tczyn od km 10+700,00 do km 10+970,00"},"content":{"rendered":"\n<figure class=\"wp-block-image size-large\"><img decoding=\"async\" width=\"1024\" height=\"691\" src=\"https:\/\/zdp.ostroleka.pl\/wp-content\/uploads\/2024\/09\/image-3-1024x691.png\" alt=\"image\" class=\"wp-image-2532\" srcset=\"https:\/\/zdp.ostroleka.pl\/wp-content\/uploads\/2024\/09\/image-3-1024x691.png 1024w, https:\/\/zdp.ostroleka.pl\/wp-content\/uploads\/2024\/09\/image-3-300x202.png 300w, https:\/\/zdp.ostroleka.pl\/wp-content\/uploads\/2024\/09\/image-3-768x518.png 768w, https:\/\/zdp.ostroleka.pl\/wp-content\/uploads\/2024\/09\/image-3.png 1459w\" sizes=\"(max-width: 1024px) 100vw, 1024px\" \/><\/figure>\n\n\n\n<p>Powiat Ostro\u0142\u0119cki zako\u0144czy\u0142 realizacj\u0119 zadania pn.: <strong>\u201ePrzebudowa drogi pow. Nr 2551W Rzeku\u0144 \u2013 Zabiele \u2013 \u0141\u0105tczyn od km 10+700,00 do km 10+970,00\u201d<\/strong> realizowanego w ramach zam\u00f3wienia publicznego pn.: \u201ePrzebudowa drogi powiatowej nr 2551W Rzeku\u0144 \u2013 Zabiele \u2013 \u0141\u0105tczyn \u2013 Etap III\u201d. Wykonawc\u0105 rob\u00f3t budowlanych wy\u0142onionym w ramach zam\u00f3wienia publicznego by\u0142a firma <strong>DOMOST Sp. z o. o. <\/strong>z siedzib\u0105 w 07-320 Ma\u0142kinia G\u00f3rna,<br>ul. Kolejowa 30.<\/p>\n\n\n\n<p>Warto\u015b\u0107 umowy, zgodnie z zawart\u0105 umow\u0105 wynios\u0142a <strong>743&nbsp;912,95<\/strong> <strong>z\u0142.<\/strong><\/p>\n\n\n\n<p>Na realizacj\u0119 przedmiotowego zadania Powiat Ostro\u0142\u0119cki otrzyma\u0142 dotacj\u0119 ze \u015brodk\u00f3w finansowych bud\u017cetu Wojew\u00f3dztwa Mazowieckiego w&nbsp; wysoko\u015bci <strong>300&nbsp;000,00 z\u0142.<\/strong><\/p>\n","protected":false},"excerpt":{"rendered":"<p>Powiat Ostro\u0142\u0119cki zako\u0144czy\u0142 realizacj\u0119 zadania pn.: \u201ePrzebudowa drogi pow. Nr 2551W Rzeku\u0144 \u2013 Zabiele \u2013 \u0141\u0105tczyn od km 10+700,00 do km 10+970,00\u201d realizowanego w ramach zam\u00f3wienia publicznego pn.: \u201ePrzebudowa drogi powiatowej nr 2551W Rzeku\u0144 \u2013 Zabiele \u2013 \u0141\u0105tczyn \u2013 Etap III\u201d. Wykonawc\u0105 rob\u00f3t budowlanych wy\u0142onionym w ramach zam\u00f3wienia publicznego by\u0142a firma DOMOST Sp. z o. [&hellip;]<\/p>\n","protected":false},"author":2,"featured_media":36,"comment_status":"closed","ping_status":"closed","sticky":false,"template":"","format":"standard","meta":{"om_disable_all_campaigns":false,"_monsterinsights_skip_tracking":false,"_monsterinsights_sitenote_active":false,"_monsterinsights_sitenote_note":"","_monsterinsights_sitenote_category":0,"footnotes":""},"categories":[28],"tags":[],"class_list":["post-2529","post","type-post","status-publish","format-standard","has-post-thumbnail","hentry","category-realizacja-inwestycji-dotowanych-z-budzetu-wojewodztwa-mazowieckiego"],"aioseo_notices":[],"_links":{"self":[{"href":"https:\/\/zdp.ostroleka.pl\/index.php?rest_route=\/wp\/v2\/posts\/2529","targetHints":{"allow":["GET"]}}],"collection":[{"href":"https:\/\/zdp.ostroleka.pl\/index.php?rest_route=\/wp\/v2\/posts"}],"about":[{"href":"https:\/\/zdp.ostroleka.pl\/index.php?rest_route=\/wp\/v2\/types\/post"}],"author":[{"embeddable":true,"href":"https:\/\/zdp.ostroleka.pl\/index.php?rest_route=\/wp\/v2\/users\/2"}],"replies":[{"embeddable":true,"href":"https:\/\/zdp.ostroleka.pl\/index.php?rest_route=%2Fwp%2Fv2%2Fcomments&post=2529"}],"version-history":[{"count":2,"href":"https:\/\/zdp.ostroleka.pl\/index.php?rest_route=\/wp\/v2\/posts\/2529\/revisions"}],"predecessor-version":[{"id":2533,"href":"https:\/\/zdp.ostroleka.pl\/index.php?rest_route=\/wp\/v2\/posts\/2529\/revisions\/2533"}],"wp:featuredmedia":[{"embeddable":true,"href":"https:\/\/zdp.ostroleka.pl\/index.php?rest_route=\/wp\/v2\/media\/36"}],"wp:attachment":[{"href":"https:\/\/zdp.ostroleka.pl\/index.php?rest_route=%2Fwp%2Fv2%2Fmedia&parent=2529"}],"wp:term":[{"taxonomy":"category","embeddable":true,"href":"https:\/\/zdp.ostroleka.pl\/index.php?rest_route=%2Fwp%2Fv2%2Fcategories&post=2529"},{"taxonomy":"post_tag","embeddable":true,"href":"https:\/\/zdp.ostroleka.pl\/index.php?rest_route=%2Fwp%2Fv2%2Ftags&post=2529"}],"curies":[{"name":"wp","href":"https:\/\/api.w.org\/{rel}","templated":true}]}}