{"id":2138,"date":"2023-09-12T14:07:22","date_gmt":"2023-09-12T12:07:22","guid":{"rendered":"https:\/\/zdp.ostroleka.pl\/?p=2138"},"modified":"2023-09-12T14:07:23","modified_gmt":"2023-09-12T12:07:23","slug":"poprawa-bezpieczenstwa-ruchu-drogowego-na-1-przejsciu-dla-pieszych-w-olszewce-na-drodze-nr-2583w","status":"publish","type":"post","link":"https:\/\/zdp.ostroleka.pl\/?p=2138","title":{"rendered":"Poprawa bezpiecze\u0144stwa ruchu drogowego na 1 przej\u015bciu dla pieszych w Olszewce \u00a0na drodze nr 2583W"},"content":{"rendered":"\n<figure class=\"wp-block-image size-full\"><img decoding=\"async\" width=\"491\" height=\"214\" src=\"https:\/\/zdp.ostroleka.pl\/wp-content\/uploads\/2023\/09\/image.png\" alt=\"image\" class=\"wp-image-2139\" srcset=\"https:\/\/zdp.ostroleka.pl\/wp-content\/uploads\/2023\/09\/image.png 491w, https:\/\/zdp.ostroleka.pl\/wp-content\/uploads\/2023\/09\/image-300x131.png 300w\" sizes=\"(max-width: 491px) 100vw, 491px\" \/><\/figure>\n\n\n\n<p>&nbsp;&nbsp;&nbsp;&nbsp;&nbsp;&nbsp;&nbsp; Powiat Ostro\u0142\u0119cki zako\u0144czy\u0142&nbsp; w 11.09.2023 roku &nbsp;realizacj\u0119 inwestycji pn. <strong>\u201ePoprawa bezpiecze\u0144stwa ruchu drogowego na 1 przej\u015bciu dla pieszych w Olszewce &nbsp;na drodze nr 2583W\u201d<\/strong>, kt\u00f3ra by\u0142a &nbsp;dofinansowana ze \u015brodk\u00f3w pa\u0144stwowych funduszy celowych&nbsp; w ramach <strong>Rz\u0105dowego Funduszu&nbsp;&nbsp; Rozwoju Dr\u00f3g<\/strong>.<\/p>\n\n\n\n<p>Warto\u015b\u0107 zadania \u0142\u0105cznie z wykonaniem dokumentacji projektowej &nbsp;wynios\u0142a <strong>503&nbsp;910,06 &nbsp;z\u0142otych<\/strong> w tym <strong>dofinansowanie ze \u015brodk\u00f3w Rz\u0105dowego Funduszu Rozwoju Dr\u00f3g w wysoko\u015bci 199 200,00 z\u0142otych.&nbsp;<\/strong><\/p>\n\n\n\n<p>\u00a0\u00a0\u00a0\u00a0\u00a0\u00a0\u00a0\u00a0\u00a0\u00a0\u00a0\u00a0\u00a0\u00a0 Roboty zosta\u0142y zako\u0144czone i komisyjnie odebrane. Wykonawc\u0105 prac by\u0142a firma Us\u0142ugi Mechaniczne z Kadzid\u0142a. Zadanie polega\u0142o na przebudowie drogi powiatowej w obszarze oddzia\u0142ywania istniej\u0105cego przej\u015bcia dla pieszych. W projekcie zastosowano rozwi\u0105zania ukierunkowane na popraw\u0119 bezpiecze\u0144stwa u\u017cytkownik\u00f3w drogi, w tym przede wszystkim na zwi\u0119kszenie bezpiecze\u0144stwa pieszych. W ramach zadania wykonano przej\u015bcie dla pieszych wraz z o\u015bwietleniem oraz wykonano oznakowanie poziome i pionowe. Dodatkowo zamontowano system fakturowych oznacze\u0144 nawierzchni dla os\u00f3b\u00a0z dysfunkcjami wzroku, czyli system FON i p\u0142ytki wypustkowe. Zrealizowana inwestycja\u00a0 zapewni\u0142a\u00a0 odpowiednie i bezpieczne warunki\u00a0 widoczno\u015bci pieszego przez kierowc\u0119 i pojazdu przez pieszego.<\/p>\n","protected":false},"excerpt":{"rendered":"<p>&nbsp;&nbsp;&nbsp;&nbsp;&nbsp;&nbsp;&nbsp; Powiat Ostro\u0142\u0119cki zako\u0144czy\u0142&nbsp; w 11.09.2023 roku &nbsp;realizacj\u0119 inwestycji pn. \u201ePoprawa bezpiecze\u0144stwa ruchu drogowego na 1 przej\u015bciu dla pieszych w Olszewce &nbsp;na drodze nr 2583W\u201d, kt\u00f3ra by\u0142a &nbsp;dofinansowana ze \u015brodk\u00f3w pa\u0144stwowych funduszy celowych&nbsp; w ramach Rz\u0105dowego Funduszu&nbsp;&nbsp; Rozwoju Dr\u00f3g. Warto\u015b\u0107 zadania \u0142\u0105cznie z wykonaniem dokumentacji projektowej &nbsp;wynios\u0142a 503&nbsp;910,06 &nbsp;z\u0142otych w tym dofinansowanie ze \u015brodk\u00f3w Rz\u0105dowego [&hellip;]<\/p>\n","protected":false},"author":2,"featured_media":36,"comment_status":"closed","ping_status":"closed","sticky":false,"template":"","format":"standard","meta":{"om_disable_all_campaigns":false,"_monsterinsights_skip_tracking":false,"_monsterinsights_sitenote_active":false,"_monsterinsights_sitenote_note":"","_monsterinsights_sitenote_category":0,"footnotes":""},"categories":[26],"tags":[],"class_list":["post-2138","post","type-post","status-publish","format-standard","has-post-thumbnail","hentry","category-realizacja-inwestycji-z-zakresie-poprawy-bezpieczenstwa-ruchu-pieszych-w-ramach-rzadowego-funduszu-rozwoju-drog"],"aioseo_notices":[],"_links":{"self":[{"href":"https:\/\/zdp.ostroleka.pl\/index.php?rest_route=\/wp\/v2\/posts\/2138","targetHints":{"allow":["GET"]}}],"collection":[{"href":"https:\/\/zdp.ostroleka.pl\/index.php?rest_route=\/wp\/v2\/posts"}],"about":[{"href":"https:\/\/zdp.ostroleka.pl\/index.php?rest_route=\/wp\/v2\/types\/post"}],"author":[{"embeddable":true,"href":"https:\/\/zdp.ostroleka.pl\/index.php?rest_route=\/wp\/v2\/users\/2"}],"replies":[{"embeddable":true,"href":"https:\/\/zdp.ostroleka.pl\/index.php?rest_route=%2Fwp%2Fv2%2Fcomments&post=2138"}],"version-history":[{"count":1,"href":"https:\/\/zdp.ostroleka.pl\/index.php?rest_route=\/wp\/v2\/posts\/2138\/revisions"}],"predecessor-version":[{"id":2140,"href":"https:\/\/zdp.ostroleka.pl\/index.php?rest_route=\/wp\/v2\/posts\/2138\/revisions\/2140"}],"wp:featuredmedia":[{"embeddable":true,"href":"https:\/\/zdp.ostroleka.pl\/index.php?rest_route=\/wp\/v2\/media\/36"}],"wp:attachment":[{"href":"https:\/\/zdp.ostroleka.pl\/index.php?rest_route=%2Fwp%2Fv2%2Fmedia&parent=2138"}],"wp:term":[{"taxonomy":"category","embeddable":true,"href":"https:\/\/zdp.ostroleka.pl\/index.php?rest_route=%2Fwp%2Fv2%2Fcategories&post=2138"},{"taxonomy":"post_tag","embeddable":true,"href":"https:\/\/zdp.ostroleka.pl\/index.php?rest_route=%2Fwp%2Fv2%2Ftags&post=2138"}],"curies":[{"name":"wp","href":"https:\/\/api.w.org\/{rel}","templated":true}]}}