{"id":2031,"date":"2023-07-05T14:33:14","date_gmt":"2023-07-05T12:33:14","guid":{"rendered":"https:\/\/zdp.ostroleka.pl\/?p=2031"},"modified":"2023-07-05T19:07:05","modified_gmt":"2023-07-05T17:07:05","slug":"naboru-na-stanowisko-kierownika-om-ostroleka","status":"publish","type":"post","link":"https:\/\/zdp.ostroleka.pl\/?p=2031","title":{"rendered":"Og\u0142oszenie naboru na stanowisko Kierownika OD-M w Ostro\u0142\u0119ce"},"content":{"rendered":"\n<div class=\"wp-block-file\"><a id=\"wp-block-file--media-bff8231a-a885-4e1b-b89a-67b88878de99\" href=\"https:\/\/zdp.ostroleka.pl\/wp-content\/uploads\/2023\/07\/S23070513160.pdf\">Og\u0142oszenie naboru na stanowisko Kierownika OD-M w Ostro\u0142\u0119ce<\/a><a href=\"https:\/\/zdp.ostroleka.pl\/wp-content\/uploads\/2023\/07\/S23070513160.pdf\" class=\"wp-block-file__button wp-element-button\" download aria-describedby=\"wp-block-file--media-bff8231a-a885-4e1b-b89a-67b88878de99\">Pobierz<\/a><\/div>\n","protected":false},"excerpt":{"rendered":"","protected":false},"author":2,"featured_media":36,"comment_status":"closed","ping_status":"closed","sticky":false,"template":"","format":"standard","meta":{"om_disable_all_campaigns":false,"_monsterinsights_skip_tracking":false,"_monsterinsights_sitenote_active":false,"_monsterinsights_sitenote_note":"","_monsterinsights_sitenote_category":0,"footnotes":""},"categories":[14],"tags":[],"class_list":["post-2031","post","type-post","status-publish","format-standard","has-post-thumbnail","hentry","category-nabor-pracownikow"],"aioseo_notices":[],"_links":{"self":[{"href":"https:\/\/zdp.ostroleka.pl\/index.php?rest_route=\/wp\/v2\/posts\/2031","targetHints":{"allow":["GET"]}}],"collection":[{"href":"https:\/\/zdp.ostroleka.pl\/index.php?rest_route=\/wp\/v2\/posts"}],"about":[{"href":"https:\/\/zdp.ostroleka.pl\/index.php?rest_route=\/wp\/v2\/types\/post"}],"author":[{"embeddable":true,"href":"https:\/\/zdp.ostroleka.pl\/index.php?rest_route=\/wp\/v2\/users\/2"}],"replies":[{"embeddable":true,"href":"https:\/\/zdp.ostroleka.pl\/index.php?rest_route=%2Fwp%2Fv2%2Fcomments&post=2031"}],"version-history":[{"count":2,"href":"https:\/\/zdp.ostroleka.pl\/index.php?rest_route=\/wp\/v2\/posts\/2031\/revisions"}],"predecessor-version":[{"id":2035,"href":"https:\/\/zdp.ostroleka.pl\/index.php?rest_route=\/wp\/v2\/posts\/2031\/revisions\/2035"}],"wp:featuredmedia":[{"embeddable":true,"href":"https:\/\/zdp.ostroleka.pl\/index.php?rest_route=\/wp\/v2\/media\/36"}],"wp:attachment":[{"href":"https:\/\/zdp.ostroleka.pl\/index.php?rest_route=%2Fwp%2Fv2%2Fmedia&parent=2031"}],"wp:term":[{"taxonomy":"category","embeddable":true,"href":"https:\/\/zdp.ostroleka.pl\/index.php?rest_route=%2Fwp%2Fv2%2Fcategories&post=2031"},{"taxonomy":"post_tag","embeddable":true,"href":"https:\/\/zdp.ostroleka.pl\/index.php?rest_route=%2Fwp%2Fv2%2Ftags&post=2031"}],"curies":[{"name":"wp","href":"https:\/\/api.w.org\/{rel}","templated":true}]}}