{"id":2028,"date":"2023-07-05T14:32:05","date_gmt":"2023-07-05T12:32:05","guid":{"rendered":"https:\/\/zdp.ostroleka.pl\/?p=2028"},"modified":"2023-07-05T19:18:46","modified_gmt":"2023-07-05T17:18:46","slug":"rozstrzygniecia-naboru-na-stanowisko-kierownika-odm-w-ostrolece","status":"publish","type":"post","link":"https:\/\/zdp.ostroleka.pl\/?p=2028","title":{"rendered":"ROZSTRZYGNI\u0118CIE NABORU NA STANOWISKO KIEROWNIKA OD-M W OSTRO\u0141\u0118CE"},"content":{"rendered":"\n<div class=\"wp-block-file\"><a id=\"wp-block-file--media-55f58964-48b2-41e8-85a7-ed72dff895eb\" href=\"https:\/\/zdp.ostroleka.pl\/wp-content\/uploads\/2023\/07\/S23070513120.pdf\">Rozstrzygni\u0119cie naboru na stanowisko Kierownika OD-M w Ostro\u0142\u0119ce<\/a><a href=\"https:\/\/zdp.ostroleka.pl\/wp-content\/uploads\/2023\/07\/S23070513120.pdf\" class=\"wp-block-file__button wp-element-button\" download aria-describedby=\"wp-block-file--media-55f58964-48b2-41e8-85a7-ed72dff895eb\">Pobierz<\/a><\/div>\n","protected":false},"excerpt":{"rendered":"","protected":false},"author":2,"featured_media":36,"comment_status":"closed","ping_status":"closed","sticky":false,"template":"","format":"standard","meta":{"om_disable_all_campaigns":false,"_monsterinsights_skip_tracking":false,"_monsterinsights_sitenote_active":false,"_monsterinsights_sitenote_note":"","_monsterinsights_sitenote_category":0,"footnotes":""},"categories":[14],"tags":[],"class_list":["post-2028","post","type-post","status-publish","format-standard","has-post-thumbnail","hentry","category-nabor-pracownikow"],"aioseo_notices":[],"_links":{"self":[{"href":"https:\/\/zdp.ostroleka.pl\/index.php?rest_route=\/wp\/v2\/posts\/2028","targetHints":{"allow":["GET"]}}],"collection":[{"href":"https:\/\/zdp.ostroleka.pl\/index.php?rest_route=\/wp\/v2\/posts"}],"about":[{"href":"https:\/\/zdp.ostroleka.pl\/index.php?rest_route=\/wp\/v2\/types\/post"}],"author":[{"embeddable":true,"href":"https:\/\/zdp.ostroleka.pl\/index.php?rest_route=\/wp\/v2\/users\/2"}],"replies":[{"embeddable":true,"href":"https:\/\/zdp.ostroleka.pl\/index.php?rest_route=%2Fwp%2Fv2%2Fcomments&post=2028"}],"version-history":[{"count":3,"href":"https:\/\/zdp.ostroleka.pl\/index.php?rest_route=\/wp\/v2\/posts\/2028\/revisions"}],"predecessor-version":[{"id":2038,"href":"https:\/\/zdp.ostroleka.pl\/index.php?rest_route=\/wp\/v2\/posts\/2028\/revisions\/2038"}],"wp:featuredmedia":[{"embeddable":true,"href":"https:\/\/zdp.ostroleka.pl\/index.php?rest_route=\/wp\/v2\/media\/36"}],"wp:attachment":[{"href":"https:\/\/zdp.ostroleka.pl\/index.php?rest_route=%2Fwp%2Fv2%2Fmedia&parent=2028"}],"wp:term":[{"taxonomy":"category","embeddable":true,"href":"https:\/\/zdp.ostroleka.pl\/index.php?rest_route=%2Fwp%2Fv2%2Fcategories&post=2028"},{"taxonomy":"post_tag","embeddable":true,"href":"https:\/\/zdp.ostroleka.pl\/index.php?rest_route=%2Fwp%2Fv2%2Ftags&post=2028"}],"curies":[{"name":"wp","href":"https:\/\/api.w.org\/{rel}","templated":true}]}}