{"id":1996,"date":"2023-05-24T09:31:18","date_gmt":"2023-05-24T07:31:18","guid":{"rendered":"https:\/\/zdp.ostroleka.pl\/?p=1996"},"modified":"2023-05-24T09:31:20","modified_gmt":"2023-05-24T07:31:20","slug":"informacja-o-wynikach-konsultacji-4","status":"publish","type":"post","link":"https:\/\/zdp.ostroleka.pl\/?p=1996","title":{"rendered":"INFORMACJA O WYNIKACH KONSULTACJI"},"content":{"rendered":"\n<p><strong>INFORMACJA O WYNIKACH KONSULTACJI<\/strong><\/p>\n\n\n\n<p><strong>DOTYCZ\u0104CYCH WYKONANIA DOKUMENTACJI PROJEKTOWEJ &nbsp;<\/strong><\/p>\n\n\n\n<p><strong><u>Rozbudow\u0119 drogi powiatowej nr 2546W R\u017caniec \u2013 Grab\u00f3wek od km 0+000 do ok. km 3+835 (d\u0142ugo\u015bci oko\u0142o 3,835 km)<\/u><\/strong><\/p>\n\n\n\n<p><strong>W wyniku przeprowadzonych konsultacji spo\u0142ecznych, zebrane zosta\u0142y opinie i uwagi przedstawicieli so\u0142ectw oraz miesza\u0144c\u00f3w w\u0142a\u015bcicieli nieruchomo\u015bci po\u0142o\u017conych na trasie przebudowywanej drogi. Uwzgl\u0119dniaj\u0105c powy\u017csze opinie, powsta\u0142 ostateczny projekt zagospodarowania terenu autorstwa pracowni projektowej &#8211; DOMACC Maciej Bia\u0142oszewski.<\/strong><\/p>\n\n\n\n<p>Projekt Zagospodarowania Terenu zostanie udost\u0119pniony na stronie internetowej <a href=\"http:\/\/www.zdp.ostroleka.pl\">www.zdp.ostroleka.pl<\/a> oraz na stronach Starostwa Powiatowego i Gminy Olszewo-Borki.<\/p>\n\n\n\n<div class=\"wp-block-file\"><a id=\"wp-block-file--media-08b2803a-cb54-4407-b8f5-14d04af2f5ad\" href=\"https:\/\/zdp.ostroleka.pl\/wp-content\/uploads\/2023\/05\/Informacja-2.pdf\">Informacja-2<\/a><a href=\"https:\/\/zdp.ostroleka.pl\/wp-content\/uploads\/2023\/05\/Informacja-2.pdf\" class=\"wp-block-file__button wp-element-button\" download aria-describedby=\"wp-block-file--media-08b2803a-cb54-4407-b8f5-14d04af2f5ad\">Pobierz<\/a><\/div>\n\n\n\n<div class=\"wp-block-file\"><a id=\"wp-block-file--media-ad5b48ee-3aa7-4c9b-addc-ad0a8e42a62b\" href=\"https:\/\/zdp.ostroleka.pl\/wp-content\/uploads\/2023\/05\/Rys.2.1.pdf\">Rys.2.1<\/a><a href=\"https:\/\/zdp.ostroleka.pl\/wp-content\/uploads\/2023\/05\/Rys.2.1.pdf\" class=\"wp-block-file__button wp-element-button\" download aria-describedby=\"wp-block-file--media-ad5b48ee-3aa7-4c9b-addc-ad0a8e42a62b\">Pobierz<\/a><\/div>\n\n\n\n<div class=\"wp-block-file\"><a id=\"wp-block-file--media-f7b1856b-7583-47d4-92bb-b721ec7421e1\" href=\"https:\/\/zdp.ostroleka.pl\/wp-content\/uploads\/2023\/05\/Rys.2.2.pdf\">Rys.2.2<\/a><a href=\"https:\/\/zdp.ostroleka.pl\/wp-content\/uploads\/2023\/05\/Rys.2.2.pdf\" class=\"wp-block-file__button wp-element-button\" download aria-describedby=\"wp-block-file--media-f7b1856b-7583-47d4-92bb-b721ec7421e1\">Pobierz<\/a><\/div>\n\n\n\n<div class=\"wp-block-file\"><a id=\"wp-block-file--media-d3b0c1c9-0ed2-4e4d-a183-16a03ad82309\" href=\"https:\/\/zdp.ostroleka.pl\/wp-content\/uploads\/2023\/05\/Rys.2.3.pdf\">Rys.2.3<\/a><a href=\"https:\/\/zdp.ostroleka.pl\/wp-content\/uploads\/2023\/05\/Rys.2.3.pdf\" class=\"wp-block-file__button wp-element-button\" download aria-describedby=\"wp-block-file--media-d3b0c1c9-0ed2-4e4d-a183-16a03ad82309\">Pobierz<\/a><\/div>\n\n\n\n<div class=\"wp-block-file\"><a id=\"wp-block-file--media-0a474ec0-40a3-4480-88ef-75871ffd2fd1\" href=\"https:\/\/zdp.ostroleka.pl\/wp-content\/uploads\/2023\/05\/Rys.2.4.pdf\">Rys.2.4<\/a><a href=\"https:\/\/zdp.ostroleka.pl\/wp-content\/uploads\/2023\/05\/Rys.2.4.pdf\" class=\"wp-block-file__button wp-element-button\" download aria-describedby=\"wp-block-file--media-0a474ec0-40a3-4480-88ef-75871ffd2fd1\">Pobierz<\/a><\/div>\n\n\n\n<div class=\"wp-block-file\"><a id=\"wp-block-file--media-1acc3c10-9f47-44d1-983e-a384558253df\" href=\"https:\/\/zdp.ostroleka.pl\/wp-content\/uploads\/2023\/05\/Rys.2.5.pdf\">Rys.2.5<\/a><a href=\"https:\/\/zdp.ostroleka.pl\/wp-content\/uploads\/2023\/05\/Rys.2.5.pdf\" class=\"wp-block-file__button wp-element-button\" download aria-describedby=\"wp-block-file--media-1acc3c10-9f47-44d1-983e-a384558253df\">Pobierz<\/a><\/div>\n\n\n\n<div class=\"wp-block-file\"><a id=\"wp-block-file--media-ca6b2adf-a338-478b-9987-dbbda9633c78\" href=\"https:\/\/zdp.ostroleka.pl\/wp-content\/uploads\/2023\/05\/Rys.2.6.pdf\">Rys.2.6<\/a><a href=\"https:\/\/zdp.ostroleka.pl\/wp-content\/uploads\/2023\/05\/Rys.2.6.pdf\" class=\"wp-block-file__button wp-element-button\" download aria-describedby=\"wp-block-file--media-ca6b2adf-a338-478b-9987-dbbda9633c78\">Pobierz<\/a><\/div>\n","protected":false},"excerpt":{"rendered":"<p>INFORMACJA O WYNIKACH KONSULTACJI DOTYCZ\u0104CYCH WYKONANIA DOKUMENTACJI PROJEKTOWEJ &nbsp; Rozbudow\u0119 drogi powiatowej nr 2546W R\u017caniec \u2013 Grab\u00f3wek od km 0+000 do ok. km 3+835 (d\u0142ugo\u015bci oko\u0142o 3,835 km) W wyniku przeprowadzonych konsultacji spo\u0142ecznych, zebrane zosta\u0142y opinie i uwagi przedstawicieli so\u0142ectw oraz miesza\u0144c\u00f3w w\u0142a\u015bcicieli nieruchomo\u015bci po\u0142o\u017conych na trasie przebudowywanej drogi. Uwzgl\u0119dniaj\u0105c powy\u017csze opinie, powsta\u0142 ostateczny projekt [&hellip;]<\/p>\n","protected":false},"author":2,"featured_media":36,"comment_status":"closed","ping_status":"closed","sticky":false,"template":"","format":"standard","meta":{"om_disable_all_campaigns":false,"_monsterinsights_skip_tracking":false,"_monsterinsights_sitenote_active":false,"_monsterinsights_sitenote_note":"","_monsterinsights_sitenote_category":0,"footnotes":""},"categories":[4],"tags":[],"class_list":["post-1996","post","type-post","status-publish","format-standard","has-post-thumbnail","hentry","category-konsultacje-spoleczne"],"aioseo_notices":[],"_links":{"self":[{"href":"https:\/\/zdp.ostroleka.pl\/index.php?rest_route=\/wp\/v2\/posts\/1996","targetHints":{"allow":["GET"]}}],"collection":[{"href":"https:\/\/zdp.ostroleka.pl\/index.php?rest_route=\/wp\/v2\/posts"}],"about":[{"href":"https:\/\/zdp.ostroleka.pl\/index.php?rest_route=\/wp\/v2\/types\/post"}],"author":[{"embeddable":true,"href":"https:\/\/zdp.ostroleka.pl\/index.php?rest_route=\/wp\/v2\/users\/2"}],"replies":[{"embeddable":true,"href":"https:\/\/zdp.ostroleka.pl\/index.php?rest_route=%2Fwp%2Fv2%2Fcomments&post=1996"}],"version-history":[{"count":1,"href":"https:\/\/zdp.ostroleka.pl\/index.php?rest_route=\/wp\/v2\/posts\/1996\/revisions"}],"predecessor-version":[{"id":2004,"href":"https:\/\/zdp.ostroleka.pl\/index.php?rest_route=\/wp\/v2\/posts\/1996\/revisions\/2004"}],"wp:featuredmedia":[{"embeddable":true,"href":"https:\/\/zdp.ostroleka.pl\/index.php?rest_route=\/wp\/v2\/media\/36"}],"wp:attachment":[{"href":"https:\/\/zdp.ostroleka.pl\/index.php?rest_route=%2Fwp%2Fv2%2Fmedia&parent=1996"}],"wp:term":[{"taxonomy":"category","embeddable":true,"href":"https:\/\/zdp.ostroleka.pl\/index.php?rest_route=%2Fwp%2Fv2%2Fcategories&post=1996"},{"taxonomy":"post_tag","embeddable":true,"href":"https:\/\/zdp.ostroleka.pl\/index.php?rest_route=%2Fwp%2Fv2%2Ftags&post=1996"}],"curies":[{"name":"wp","href":"https:\/\/api.w.org\/{rel}","templated":true}]}}