{"id":1991,"date":"2023-05-22T13:46:06","date_gmt":"2023-05-22T11:46:06","guid":{"rendered":"https:\/\/zdp.ostroleka.pl\/?p=1991"},"modified":"2023-05-22T14:17:54","modified_gmt":"2023-05-22T12:17:54","slug":"1991","status":"publish","type":"post","link":"https:\/\/zdp.ostroleka.pl\/?p=1991","title":{"rendered":""},"content":{"rendered":"\n<figure class=\"wp-block-image size-full\"><img decoding=\"async\" width=\"908\" height=\"602\" src=\"https:\/\/zdp.ostroleka.pl\/wp-content\/uploads\/2023\/05\/image-1.png\" alt=\"image 1\" class=\"wp-image-1993\" srcset=\"https:\/\/zdp.ostroleka.pl\/wp-content\/uploads\/2023\/05\/image-1.png 908w, https:\/\/zdp.ostroleka.pl\/wp-content\/uploads\/2023\/05\/image-1-300x199.png 300w, https:\/\/zdp.ostroleka.pl\/wp-content\/uploads\/2023\/05\/image-1-768x509.png 768w\" sizes=\"(max-width: 908px) 100vw, 908px\" \/><\/figure>\n\n\n\n<p>Powiat Ostro\u0142\u0119cki przyst\u0105pi\u0142 do realizacji inwestycji drogowej, polegaj\u0105cej na Rozbudowie drogi powiatowej nr 2524W Lelis \u2013 D\u0142ugi K\u0105t \u2013 Kadzid\u0142o na terenie gmin Lelis i Kadzid\u0142o. Warto\u015b\u0107 inwestycji wynosi 27\u00a0069\u00a0990,15 z\u0142otych. w tym dofinansowanie ze \u015brodk\u00f3w <strong>Rz\u0105dowego Funduszu Polski \u0141ad\u00a0w wysoko\u015bci 14\u00a0995\u00a0000,00\u00a0 z\u0142otych <\/strong>oraz dofinansowanie z bud\u017cetu Wojew\u00f3dztwa Mazowieckiego <strong>\u00a0w ramach wsparcia zada\u0144 wa\u017cnych dla r\u00f3wnomiernego rozwoju wojew\u00f3dztwa mazowieckiego w wysoko\u015bci 4\u00a0000\u00a0000,00 z\u0142otych .\u00a0 <\/strong>W ramach inwestycji zostanie rozbudowana droga na dw\u00f3ch odcinkach o \u0142\u0105cznej d\u0142ugo\u015bci 7035 m. Wykonawc\u0105 rob\u00f3t jest Firma UNIBEP S.A z Bia\u0142egostoku. Docelowo droga po rozbudowie b\u0119dzie posiada\u0142a nawierzchni\u0119 bitumiczna o szeroko\u015bci 6,0 m i obustronne utwardzone pobocza bitumiczne. Inwestycja poprawi zdolno\u015b\u0107 komunikacyjn\u0105 mieszka\u0144c\u00f3w, poprawiaj\u0105c ich jako\u015b\u0107 \u017cycia zwi\u0119kszaj\u0105c wykorzystanie kapita\u0142u ludzkiego\u00a0 i spo\u0142ecznego do tworzenia nowoczesnej gospodarki poprzez \u0142atwiejszy dost\u0119p do rynku pracy i rynk\u00f3w zbytu. W wyniku realizacji nast\u0105pi poprawa stanu technicznego oraz podwy\u017cszone zostan\u0105 parametry techniczne drogi.<\/p>\n","protected":false},"excerpt":{"rendered":"<p>Powiat Ostro\u0142\u0119cki przyst\u0105pi\u0142 do realizacji inwestycji drogowej, polegaj\u0105cej na Rozbudowie drogi powiatowej nr 2524W Lelis \u2013 D\u0142ugi K\u0105t \u2013 Kadzid\u0142o na terenie gmin Lelis i Kadzid\u0142o. Warto\u015b\u0107 inwestycji wynosi 27\u00a0069\u00a0990,15 z\u0142otych. w tym dofinansowanie ze \u015brodk\u00f3w Rz\u0105dowego Funduszu Polski \u0141ad\u00a0w wysoko\u015bci 14\u00a0995\u00a0000,00\u00a0 z\u0142otych oraz dofinansowanie z bud\u017cetu Wojew\u00f3dztwa Mazowieckiego \u00a0w ramach wsparcia zada\u0144 wa\u017cnych dla [&hellip;]<\/p>\n","protected":false},"author":2,"featured_media":36,"comment_status":"closed","ping_status":"closed","sticky":false,"template":"","format":"standard","meta":{"om_disable_all_campaigns":false,"_monsterinsights_skip_tracking":false,"_monsterinsights_sitenote_active":false,"_monsterinsights_sitenote_note":"","_monsterinsights_sitenote_category":0,"footnotes":""},"categories":[28],"tags":[],"class_list":["post-1991","post","type-post","status-publish","format-standard","has-post-thumbnail","hentry","category-realizacja-inwestycji-dotowanych-z-budzetu-wojewodztwa-mazowieckiego"],"aioseo_notices":[],"_links":{"self":[{"href":"https:\/\/zdp.ostroleka.pl\/index.php?rest_route=\/wp\/v2\/posts\/1991","targetHints":{"allow":["GET"]}}],"collection":[{"href":"https:\/\/zdp.ostroleka.pl\/index.php?rest_route=\/wp\/v2\/posts"}],"about":[{"href":"https:\/\/zdp.ostroleka.pl\/index.php?rest_route=\/wp\/v2\/types\/post"}],"author":[{"embeddable":true,"href":"https:\/\/zdp.ostroleka.pl\/index.php?rest_route=\/wp\/v2\/users\/2"}],"replies":[{"embeddable":true,"href":"https:\/\/zdp.ostroleka.pl\/index.php?rest_route=%2Fwp%2Fv2%2Fcomments&post=1991"}],"version-history":[{"count":2,"href":"https:\/\/zdp.ostroleka.pl\/index.php?rest_route=\/wp\/v2\/posts\/1991\/revisions"}],"predecessor-version":[{"id":1995,"href":"https:\/\/zdp.ostroleka.pl\/index.php?rest_route=\/wp\/v2\/posts\/1991\/revisions\/1995"}],"wp:featuredmedia":[{"embeddable":true,"href":"https:\/\/zdp.ostroleka.pl\/index.php?rest_route=\/wp\/v2\/media\/36"}],"wp:attachment":[{"href":"https:\/\/zdp.ostroleka.pl\/index.php?rest_route=%2Fwp%2Fv2%2Fmedia&parent=1991"}],"wp:term":[{"taxonomy":"category","embeddable":true,"href":"https:\/\/zdp.ostroleka.pl\/index.php?rest_route=%2Fwp%2Fv2%2Fcategories&post=1991"},{"taxonomy":"post_tag","embeddable":true,"href":"https:\/\/zdp.ostroleka.pl\/index.php?rest_route=%2Fwp%2Fv2%2Ftags&post=1991"}],"curies":[{"name":"wp","href":"https:\/\/api.w.org\/{rel}","templated":true}]}}