{"id":1943,"date":"2023-05-11T07:58:08","date_gmt":"2023-05-11T05:58:08","guid":{"rendered":"https:\/\/zdp.ostroleka.pl\/?p=1943"},"modified":"2023-05-11T07:58:09","modified_gmt":"2023-05-11T05:58:09","slug":"konsultacje-spoleczne-19","status":"publish","type":"post","link":"https:\/\/zdp.ostroleka.pl\/?p=1943","title":{"rendered":"Konsultacje spo\u0142eczne"},"content":{"rendered":"\n<p class=\"has-text-align-center\">Zarz\u0105d Dr\u00f3g Powiatowych w Ostro\u0142\u0119ce zaprasza do wzi\u0119cia udzia\u0142u<\/p>\n\n\n\n<p class=\"has-text-align-center\">w konsultacjach spo\u0142ecznych odno\u015bnie wykonania &nbsp;<\/p>\n\n\n\n<p class=\"has-text-align-center\">dokumentacji projektowej dotycz\u0105cej<\/p>\n\n\n\n<p class=\"has-text-align-center\"><strong><u>Rozbudowy drogi powiatowej nr 2517W Jazgarka \u2013 Lipniki<br>&nbsp;od ok. 2+600 do ok. km 3+840.<\/u><\/strong><\/p>\n\n\n\n<p class=\"has-text-align-center\"><strong><em>W szczeg\u00f3lno\u015bci prosz\u0119 zwr\u00f3ci\u0107 uwag\u0119 na lokalizacj\u0119 zjazd\u00f3w do nieruchomo\u015bci.<\/em><\/strong><\/p>\n\n\n\n<p class=\"has-text-align-center\"><strong>Materia\u0142y informacyjne udost\u0119pnione zostan\u0105 na stronie internetowej<\/strong><\/p>\n\n\n\n<p class=\"has-text-align-center\">www.zdp.ostroleka.pl<\/p>\n\n\n\n<p class=\"has-text-align-center\"><strong>w dniu 11.05.2023 r.<\/strong><\/p>\n\n\n\n<p class=\"has-text-align-center\">Opinie dotycz\u0105ce przedsi\u0119wzi\u0119cia nale\u017cy przesy\u0142a\u0107 w terminie<\/p>\n\n\n\n<p class=\"has-text-align-center\"><strong>do dnia 01.06.2023 r.<\/strong><\/p>\n\n\n\n<p class=\"has-text-align-center\">e-mailem na adres<\/p>\n\n\n\n<p class=\"has-text-align-center\"><a href=\"mailto:zdpo-ka@wp.pl\">zdpo-ka@wp.pl<\/a><\/p>\n\n\n\n<p class=\"has-text-align-center\">poczt\u0105 na adres<\/p>\n\n\n\n<p class=\"has-text-align-center\">Zarz\u0105d Dr\u00f3g Powiatowych w Ostro\u0142\u0119ce, ul. Lokalna 2, 07-410 Ostro\u0142\u0119ka<\/p>\n\n\n\n<p class=\"has-text-align-center\">Przes\u0142ane opinie imienne, podpisane (nie dotyczy wiadomo\u015bci wys\u0142anych e-mailem)<br>i zawieraj\u0105ce adres nieruchomo\u015bci, kt\u00f3rej dotyczy opinia, zostan\u0105 przeanalizowane<br>i w przypadkach uzasadnionych, tj. mo\u017cliwych do zastosowania ze wzgl\u0119d\u00f3w technicznych, prawnych, \u015brodowiskowych i finansowych \u2013 uwzgl\u0119dnione.<\/p>\n\n\n\n<p class=\"has-text-align-center\">Materia\u0142y graficzne zostan\u0105 r\u00f3wnie\u017c udost\u0119pnione na stronach<\/p>\n\n\n\n<p class=\"has-text-align-center\">Starostwa Powiatowego w Ostro\u0142\u0119ce i Gminy Kadzid\u0142o.<\/p>\n\n\n\n<div class=\"wp-block-file\"><a id=\"wp-block-file--media-972b112c-8db3-4bf6-948f-f24d2f8e5459\" href=\"https:\/\/zdp.ostroleka.pl\/wp-content\/uploads\/2023\/05\/Informacja.pdf\">Informacja<\/a><a href=\"https:\/\/zdp.ostroleka.pl\/wp-content\/uploads\/2023\/05\/Informacja.pdf\" class=\"wp-block-file__button wp-element-button\" download aria-describedby=\"wp-block-file--media-972b112c-8db3-4bf6-948f-f24d2f8e5459\">Pobierz<\/a><\/div>\n\n\n\n<div class=\"wp-block-file\"><a id=\"wp-block-file--media-5affc1f3-8fd7-4f27-ae59-390a6bb4b653\" href=\"https:\/\/zdp.ostroleka.pl\/wp-content\/uploads\/2023\/05\/Orientacja_Klimki.pdf\">Orientacja_Klimki<\/a><a href=\"https:\/\/zdp.ostroleka.pl\/wp-content\/uploads\/2023\/05\/Orientacja_Klimki.pdf\" class=\"wp-block-file__button wp-element-button\" download aria-describedby=\"wp-block-file--media-5affc1f3-8fd7-4f27-ae59-390a6bb4b653\">Pobierz<\/a><\/div>\n\n\n\n<div class=\"wp-block-file\"><a id=\"wp-block-file--media-a9611333-d3c3-4436-9e3d-34088e296d7a\" href=\"https:\/\/zdp.ostroleka.pl\/wp-content\/uploads\/2023\/05\/PZT_1_Klimki.pdf\">PZT_1_Klimki<\/a><a href=\"https:\/\/zdp.ostroleka.pl\/wp-content\/uploads\/2023\/05\/PZT_1_Klimki.pdf\" class=\"wp-block-file__button wp-element-button\" download aria-describedby=\"wp-block-file--media-a9611333-d3c3-4436-9e3d-34088e296d7a\">Pobierz<\/a><\/div>\n\n\n\n<div class=\"wp-block-file\"><a id=\"wp-block-file--media-f89a3b0b-18d8-499e-b846-8b07506b30e3\" href=\"https:\/\/zdp.ostroleka.pl\/wp-content\/uploads\/2023\/05\/PZT_2_Klimki.pdf\">PZT_2_Klimki<\/a><a href=\"https:\/\/zdp.ostroleka.pl\/wp-content\/uploads\/2023\/05\/PZT_2_Klimki.pdf\" class=\"wp-block-file__button wp-element-button\" download aria-describedby=\"wp-block-file--media-f89a3b0b-18d8-499e-b846-8b07506b30e3\">Pobierz<\/a><\/div>\n\n\n\n<div class=\"wp-block-file\"><a id=\"wp-block-file--media-5c69fae6-1a88-497c-a35b-0b4a4919e7e8\" href=\"https:\/\/zdp.ostroleka.pl\/wp-content\/uploads\/2023\/05\/PZT_3_Klimki.pdf\">PZT_3_Klimki<\/a><a href=\"https:\/\/zdp.ostroleka.pl\/wp-content\/uploads\/2023\/05\/PZT_3_Klimki.pdf\" class=\"wp-block-file__button wp-element-button\" download aria-describedby=\"wp-block-file--media-5c69fae6-1a88-497c-a35b-0b4a4919e7e8\">Pobierz<\/a><\/div>\n","protected":false},"excerpt":{"rendered":"<p>Zarz\u0105d Dr\u00f3g Powiatowych w Ostro\u0142\u0119ce zaprasza do wzi\u0119cia udzia\u0142u w konsultacjach spo\u0142ecznych odno\u015bnie wykonania &nbsp; dokumentacji projektowej dotycz\u0105cej Rozbudowy drogi powiatowej nr 2517W Jazgarka \u2013 Lipniki&nbsp;od ok. 2+600 do ok. km 3+840. W szczeg\u00f3lno\u015bci prosz\u0119 zwr\u00f3ci\u0107 uwag\u0119 na lokalizacj\u0119 zjazd\u00f3w do nieruchomo\u015bci. Materia\u0142y informacyjne udost\u0119pnione zostan\u0105 na stronie internetowej www.zdp.ostroleka.pl w dniu 11.05.2023 r. Opinie [&hellip;]<\/p>\n","protected":false},"author":2,"featured_media":36,"comment_status":"closed","ping_status":"closed","sticky":false,"template":"","format":"standard","meta":{"om_disable_all_campaigns":false,"_monsterinsights_skip_tracking":false,"_monsterinsights_sitenote_active":false,"_monsterinsights_sitenote_note":"","_monsterinsights_sitenote_category":0,"footnotes":""},"categories":[4],"tags":[],"class_list":["post-1943","post","type-post","status-publish","format-standard","has-post-thumbnail","hentry","category-konsultacje-spoleczne"],"aioseo_notices":[],"_links":{"self":[{"href":"https:\/\/zdp.ostroleka.pl\/index.php?rest_route=\/wp\/v2\/posts\/1943","targetHints":{"allow":["GET"]}}],"collection":[{"href":"https:\/\/zdp.ostroleka.pl\/index.php?rest_route=\/wp\/v2\/posts"}],"about":[{"href":"https:\/\/zdp.ostroleka.pl\/index.php?rest_route=\/wp\/v2\/types\/post"}],"author":[{"embeddable":true,"href":"https:\/\/zdp.ostroleka.pl\/index.php?rest_route=\/wp\/v2\/users\/2"}],"replies":[{"embeddable":true,"href":"https:\/\/zdp.ostroleka.pl\/index.php?rest_route=%2Fwp%2Fv2%2Fcomments&post=1943"}],"version-history":[{"count":1,"href":"https:\/\/zdp.ostroleka.pl\/index.php?rest_route=\/wp\/v2\/posts\/1943\/revisions"}],"predecessor-version":[{"id":1949,"href":"https:\/\/zdp.ostroleka.pl\/index.php?rest_route=\/wp\/v2\/posts\/1943\/revisions\/1949"}],"wp:featuredmedia":[{"embeddable":true,"href":"https:\/\/zdp.ostroleka.pl\/index.php?rest_route=\/wp\/v2\/media\/36"}],"wp:attachment":[{"href":"https:\/\/zdp.ostroleka.pl\/index.php?rest_route=%2Fwp%2Fv2%2Fmedia&parent=1943"}],"wp:term":[{"taxonomy":"category","embeddable":true,"href":"https:\/\/zdp.ostroleka.pl\/index.php?rest_route=%2Fwp%2Fv2%2Fcategories&post=1943"},{"taxonomy":"post_tag","embeddable":true,"href":"https:\/\/zdp.ostroleka.pl\/index.php?rest_route=%2Fwp%2Fv2%2Ftags&post=1943"}],"curies":[{"name":"wp","href":"https:\/\/api.w.org\/{rel}","templated":true}]}}