{"id":1868,"date":"2023-03-06T10:10:14","date_gmt":"2023-03-06T09:10:14","guid":{"rendered":"https:\/\/zdp.ostroleka.pl\/?p=1868"},"modified":"2023-03-06T10:10:15","modified_gmt":"2023-03-06T09:10:15","slug":"rozbudowa-drog-powiatowych-nr-2581w-daniszewo-czarnowiec-i-nr-2568w-goworowo-tomasze-rzekun","status":"publish","type":"post","link":"https:\/\/zdp.ostroleka.pl\/?p=1868","title":{"rendered":"<strong>Rozbudowa dr\u00f3g powiatowych nr 2581W Daniszewo \u2013 Czarnowiec i nr 2568W Goworowo \u2013 Tomasze \u2013 Rzeku\u0144<\/strong>"},"content":{"rendered":"\n<figure class=\"wp-block-image size-full\"><img decoding=\"async\" width=\"561\" height=\"264\" src=\"https:\/\/zdp.ostroleka.pl\/wp-content\/uploads\/2023\/01\/image-3.png\" alt=\"image 3\" class=\"wp-image-1812\" srcset=\"https:\/\/zdp.ostroleka.pl\/wp-content\/uploads\/2023\/01\/image-3.png 561w, https:\/\/zdp.ostroleka.pl\/wp-content\/uploads\/2023\/01\/image-3-300x141.png 300w\" sizes=\"(max-width: 561px) 100vw, 561px\" \/><\/figure>\n\n\n\n<p>Powiat Ostro\u0142\u0119cki zrealizowa\u0142 inwestycj\u0119 drogow\u0105 pn.: <strong>\u201eRozbudowa dr\u00f3g powiatowych nr 2581W Daniszewo \u2013 Czarnowiec i nr 2568W Goworowo \u2013 Tomasze \u2013 Rzeku\u0144\u201d <\/strong>dofinansowan\u0105 ze \u015brodk\u00f3w <strong>Rz\u0105dowego Funduszu Inwestycji Lokalnych <\/strong>w ramach Funduszu Przeciwdzia\u0142ania COVID-19. <strong><\/strong><\/p>\n\n\n\n<p>Ca\u0142kowita warto\u015b\u0107 zadania wynios\u0142a <strong>1&nbsp;255&nbsp;970,00 z\u0142otych,<\/strong> w tym dofinansowanie ze \u015brodk\u00f3w Rz\u0105dowego Funduszu Inwestycji Lokalnych w wysoko\u015bci <strong>821&nbsp;970,00<\/strong> <strong>z\u0142otych<\/strong>.&nbsp;<\/p>\n\n\n\n<p>W ramach zadania wykonano roboty budowlane polegaj\u0105ce na przebudowie drogi powiatowej nr 2581W Daniszewo \u2013 Czarnowiec na odcinku od km 1+300 do km 2+400 oraz wykonano prze\u0142o\u017cenie kostki wraz ze wzmocnieniem podbudowy chodnika i zjazd\u00f3w na skrzy\u017cowaniu drogi powiatowej nr 2568W z drog\u0105 powiatow\u0105 nr 2590W w miejscowo\u015bci Daniszewo na odcinku d\u0142ugo\u015bci 460 m. Realizacja inwestycji poprawi\u0142a sp\u00f3jno\u015b\u0107 komunikacyjn\u0105 sieci drogowej powiatu ostro\u0142\u0119ckiego oraz zwi\u0119kszy\u0142a bezpiecze\u0144stwo uczestnik\u00f3w ruchu drogowego.<\/p>\n","protected":false},"excerpt":{"rendered":"<p>Powiat Ostro\u0142\u0119cki zrealizowa\u0142 inwestycj\u0119 drogow\u0105 pn.: \u201eRozbudowa dr\u00f3g powiatowych nr 2581W Daniszewo \u2013 Czarnowiec i nr 2568W Goworowo \u2013 Tomasze \u2013 Rzeku\u0144\u201d dofinansowan\u0105 ze \u015brodk\u00f3w Rz\u0105dowego Funduszu Inwestycji Lokalnych w ramach Funduszu Przeciwdzia\u0142ania COVID-19. Ca\u0142kowita warto\u015b\u0107 zadania wynios\u0142a 1&nbsp;255&nbsp;970,00 z\u0142otych, w tym dofinansowanie ze \u015brodk\u00f3w Rz\u0105dowego Funduszu Inwestycji Lokalnych w wysoko\u015bci 821&nbsp;970,00 z\u0142otych.&nbsp; W ramach [&hellip;]<\/p>\n","protected":false},"author":2,"featured_media":36,"comment_status":"closed","ping_status":"closed","sticky":false,"template":"","format":"standard","meta":{"om_disable_all_campaigns":false,"_monsterinsights_skip_tracking":false,"_monsterinsights_sitenote_active":false,"_monsterinsights_sitenote_note":"","_monsterinsights_sitenote_category":0,"footnotes":""},"categories":[5],"tags":[],"class_list":["post-1868","post","type-post","status-publish","format-standard","has-post-thumbnail","hentry","category-projekty-realizowane-ze-srodkow-budzetu-panstwa-lub-ze-srodkow-rzadowego-funduszu-inwestycji-lokalnych"],"aioseo_notices":[],"_links":{"self":[{"href":"https:\/\/zdp.ostroleka.pl\/index.php?rest_route=\/wp\/v2\/posts\/1868","targetHints":{"allow":["GET"]}}],"collection":[{"href":"https:\/\/zdp.ostroleka.pl\/index.php?rest_route=\/wp\/v2\/posts"}],"about":[{"href":"https:\/\/zdp.ostroleka.pl\/index.php?rest_route=\/wp\/v2\/types\/post"}],"author":[{"embeddable":true,"href":"https:\/\/zdp.ostroleka.pl\/index.php?rest_route=\/wp\/v2\/users\/2"}],"replies":[{"embeddable":true,"href":"https:\/\/zdp.ostroleka.pl\/index.php?rest_route=%2Fwp%2Fv2%2Fcomments&post=1868"}],"version-history":[{"count":1,"href":"https:\/\/zdp.ostroleka.pl\/index.php?rest_route=\/wp\/v2\/posts\/1868\/revisions"}],"predecessor-version":[{"id":1869,"href":"https:\/\/zdp.ostroleka.pl\/index.php?rest_route=\/wp\/v2\/posts\/1868\/revisions\/1869"}],"wp:featuredmedia":[{"embeddable":true,"href":"https:\/\/zdp.ostroleka.pl\/index.php?rest_route=\/wp\/v2\/media\/36"}],"wp:attachment":[{"href":"https:\/\/zdp.ostroleka.pl\/index.php?rest_route=%2Fwp%2Fv2%2Fmedia&parent=1868"}],"wp:term":[{"taxonomy":"category","embeddable":true,"href":"https:\/\/zdp.ostroleka.pl\/index.php?rest_route=%2Fwp%2Fv2%2Fcategories&post=1868"},{"taxonomy":"post_tag","embeddable":true,"href":"https:\/\/zdp.ostroleka.pl\/index.php?rest_route=%2Fwp%2Fv2%2Ftags&post=1868"}],"curies":[{"name":"wp","href":"https:\/\/api.w.org\/{rel}","templated":true}]}}