{"id":1826,"date":"2023-02-22T18:28:41","date_gmt":"2023-02-22T17:28:41","guid":{"rendered":"https:\/\/zdp.ostroleka.pl\/?p=1826"},"modified":"2023-03-06T09:55:31","modified_gmt":"2023-03-06T08:55:31","slug":"rozbudowa-drogi-powiatowej-nr-2505w-myszyniec-pelty-gr-wojewodztwa-na-terenie-gminy-myszyniec-na-odcinku-od-miejscowosci-myszyniec-do-granicy-z-wojewodztwem-warminsko-mazurskim","status":"publish","type":"post","link":"https:\/\/zdp.ostroleka.pl\/?p=1826","title":{"rendered":"<strong>Rozbudowa drogi powiatowej nr 2505W Myszyniec \u2013 Pe\u0142ty \u2013 gr. wojew\u00f3dztwa na terenie gminy Myszyniec, na odcinku od miejscowo\u015bci Myszyniec do granicy z wojew\u00f3dztwem warmi\u0144sko &#8211; mazurskim<\/strong>"},"content":{"rendered":"\n<figure class=\"wp-block-image size-full\"><img decoding=\"async\" width=\"314\" height=\"137\" src=\"https:\/\/zdp.ostroleka.pl\/wp-content\/uploads\/2021\/07\/image-1.png\" alt=\"image 1\" class=\"wp-image-601\" srcset=\"https:\/\/zdp.ostroleka.pl\/wp-content\/uploads\/2021\/07\/image-1.png 314w, https:\/\/zdp.ostroleka.pl\/wp-content\/uploads\/2021\/07\/image-1-300x131.png 300w\" sizes=\"(max-width: 314px) 100vw, 314px\" \/><\/figure>\n\n\n\n<p>Powiat Ostro\u0142\u0119cki przyst\u0105pi\u0142 w lipcu 2022 roku do realizacji inwestycji pn.: <strong>\u201eRozbudowa drogi powiatowej nr 2505W Myszyniec \u2013 Pe\u0142ty \u2013 gr. wojew\u00f3dztwa na terenie gminy Myszyniec, na odcinku od miejscowo\u015bci Myszyniec do granicy z wojew\u00f3dztwem warmi\u0144sko &#8211; mazurskim\u201d<\/strong>, dofinansowanego ze \u015brodk\u00f3w pa\u0144stwowego funduszu celowego <strong>w ramach <\/strong>&nbsp;&nbsp;<strong>Rz\u0105dowego Funduszu Rozwoju Dr\u00f3g<\/strong>.<\/p>\n\n\n\n<p>Warto\u015b\u0107 zadania po przetargu wynosi <strong>19&nbsp;507&nbsp;788,63 z\u0142otych<\/strong> w tym dofinansowanie ze \u015brodk\u00f3w Rz\u0105dowego Funduszu Rozwoju Dr\u00f3g w wysoko\u015bci <strong>10&nbsp;369&nbsp;496,23<\/strong> <strong>z\u0142otych<\/strong>.&nbsp;<\/p>\n\n\n\n<p>Wykonawc\u0105&nbsp; rob\u00f3t budowlanych&nbsp; jest konsorcjum firm: Z. Urbanowski Sp. z o.o. z siedzib\u0105 w Makowie Mazowieckim oraz PRDM \u201eOSTRADA\u201d z siedzib\u0105 w Ostro\u0142\u0119ce.<\/p>\n\n\n\n<p>&nbsp;&nbsp;&nbsp;&nbsp;&nbsp;&nbsp;&nbsp;&nbsp;&nbsp;&nbsp;&nbsp;&nbsp;&nbsp;&nbsp;&nbsp; Inwestycja realizowana jest na odcinku drogi powiatowej od km 1+535,53 do km 8+000,00 o d\u0142ugo\u015bci 6&nbsp;464,47 m. Realizacja zadania spowoduje podniesienie parametr\u00f3w technicznych drogi. W ramach rozbudowy przedmiotowego odcinka drogi zostanie wykonana jezdnia o nawierzchni z betonu asfaltowego, przekroju 1 x 2 i szeroko\u015bci 2 x 3,00 m, zatoki autobusowe z peronami, utwardzone pobocza z betonu asfaltowego oraz pobocza gruntowe o szeroko\u015bciach zgodnych z obowi\u0105zuj\u0105cymi przepisami. W celu uspokojenia ruchu na doje\u017adzie do miejscowo\u015bci Myszyniec zostanie wykonana wyspa odginaj\u0105ca pas ruchu. Zakres zadania obejmuje r\u00f3wnie\u017c budow\u0119 o\u015bwietlenia ulicznego, przebudow\u0119 sieci nN oraz budow\u0119 kana\u0142u technologicznego. Istotnym elementem poprawy warunk\u00f3w przejazdu b\u0119dzie wymiana oznakowania pionowego na znaki drogowe z folii odblaskowej wy\u017cszej generacji oraz wykonanie grubowarstwowego strukturalnego oznakowania poziomego. Wzd\u0142u\u017c utwardzonego pobocza zamontowane zostan\u0105 urz\u0105dzenia optyczne prowadzenia ruchu tzw. &#8222;kocie oczka&#8221;.<\/p>\n\n\n\n<p>Realizacja przedsi\u0119wzi\u0119cia poprawi bezpiecze\u0144stwo wszystkich u\u017cytkownik\u00f3w drogi i stworzy wydajny system transportowy przyjazny dla \u015brodowiska naturalnego. Rozbudowa drogi poprawi jako\u015b\u0107 i dost\u0119pno\u015b\u0107 wewn\u0105trz regionalnych po\u0142\u0105cze\u0144 komunikacyjnych o znaczeniu lokalnym i zwi\u0119kszy sp\u00f3jno\u015b\u0107 spo\u0142eczno \u2013 gospodarcz\u0105 powiatu ostro\u0142\u0119ckiego.<\/p>\n","protected":false},"excerpt":{"rendered":"<p>Powiat Ostro\u0142\u0119cki przyst\u0105pi\u0142 w lipcu 2022 roku do realizacji inwestycji pn.: \u201eRozbudowa drogi powiatowej nr 2505W Myszyniec \u2013 Pe\u0142ty \u2013 gr. wojew\u00f3dztwa na terenie gminy Myszyniec, na odcinku od miejscowo\u015bci Myszyniec do granicy z wojew\u00f3dztwem warmi\u0144sko &#8211; mazurskim\u201d, dofinansowanego ze \u015brodk\u00f3w pa\u0144stwowego funduszu celowego w ramach &nbsp;&nbsp;Rz\u0105dowego Funduszu Rozwoju Dr\u00f3g. Warto\u015b\u0107 zadania po przetargu wynosi [&hellip;]<\/p>\n","protected":false},"author":2,"featured_media":36,"comment_status":"closed","ping_status":"closed","sticky":false,"template":"","format":"standard","meta":{"om_disable_all_campaigns":false,"_monsterinsights_skip_tracking":false,"_monsterinsights_sitenote_active":false,"_monsterinsights_sitenote_note":"","_monsterinsights_sitenote_category":0,"footnotes":""},"categories":[5],"tags":[],"class_list":["post-1826","post","type-post","status-publish","format-standard","has-post-thumbnail","hentry","category-projekty-realizowane-ze-srodkow-budzetu-panstwa-lub-ze-srodkow-rzadowego-funduszu-inwestycji-lokalnych"],"aioseo_notices":[],"_links":{"self":[{"href":"https:\/\/zdp.ostroleka.pl\/index.php?rest_route=\/wp\/v2\/posts\/1826","targetHints":{"allow":["GET"]}}],"collection":[{"href":"https:\/\/zdp.ostroleka.pl\/index.php?rest_route=\/wp\/v2\/posts"}],"about":[{"href":"https:\/\/zdp.ostroleka.pl\/index.php?rest_route=\/wp\/v2\/types\/post"}],"author":[{"embeddable":true,"href":"https:\/\/zdp.ostroleka.pl\/index.php?rest_route=\/wp\/v2\/users\/2"}],"replies":[{"embeddable":true,"href":"https:\/\/zdp.ostroleka.pl\/index.php?rest_route=%2Fwp%2Fv2%2Fcomments&post=1826"}],"version-history":[{"count":2,"href":"https:\/\/zdp.ostroleka.pl\/index.php?rest_route=\/wp\/v2\/posts\/1826\/revisions"}],"predecessor-version":[{"id":1850,"href":"https:\/\/zdp.ostroleka.pl\/index.php?rest_route=\/wp\/v2\/posts\/1826\/revisions\/1850"}],"wp:featuredmedia":[{"embeddable":true,"href":"https:\/\/zdp.ostroleka.pl\/index.php?rest_route=\/wp\/v2\/media\/36"}],"wp:attachment":[{"href":"https:\/\/zdp.ostroleka.pl\/index.php?rest_route=%2Fwp%2Fv2%2Fmedia&parent=1826"}],"wp:term":[{"taxonomy":"category","embeddable":true,"href":"https:\/\/zdp.ostroleka.pl\/index.php?rest_route=%2Fwp%2Fv2%2Fcategories&post=1826"},{"taxonomy":"post_tag","embeddable":true,"href":"https:\/\/zdp.ostroleka.pl\/index.php?rest_route=%2Fwp%2Fv2%2Ftags&post=1826"}],"curies":[{"name":"wp","href":"https:\/\/api.w.org\/{rel}","templated":true}]}}