{"id":1783,"date":"2023-01-20T06:37:23","date_gmt":"2023-01-20T05:37:23","guid":{"rendered":"https:\/\/zdp.ostroleka.pl\/?p=1783"},"modified":"2023-01-20T06:37:24","modified_gmt":"2023-01-20T05:37:24","slug":"konsultacje-spoleczne-dp-2533w-msc-kopaczyska","status":"publish","type":"post","link":"https:\/\/zdp.ostroleka.pl\/?p=1783","title":{"rendered":"Konsultacje spo\u0142eczne DP 2533W msc. Kopaczyska"},"content":{"rendered":"\n<p>Zarz\u0105d Dr\u00f3g Powiatowych w Ostro\u0142\u0119ce zaprasza do wzi\u0119cia udzia\u0142u<\/p>\n\n\n\n<p>w konsultacjach spo\u0142ecznych odno\u015bnie wykonania aktualizacji &nbsp;<\/p>\n\n\n\n<p>dokumentacji projektowej dotycz\u0105cej<\/p>\n\n\n\n<p><strong><u>Rozbudowy drogi powiatowej nr 2533W Chudek \u2013 Gleba \u2013 Kierzek &#8211; Zawady od km 11+592 do ok. km 12+223 (d\u0142ugo\u015b\u0107 oko\u0142o 631 m) w miejscowo\u015bci Kopaczyska.<\/u><\/strong><\/p>\n\n\n\n<p><strong><em>W szczeg\u00f3lno\u015bci prosz\u0119 zwr\u00f3ci\u0107 uwag\u0119 na lokalizacj\u0119 zjazd\u00f3w do nieruchomo\u015bci.<\/em><\/strong><\/p>\n\n\n\n<p><strong>Materia\u0142y informacyjne udost\u0119pnione zostan\u0105 na stronie internetowej<\/strong><\/p>\n\n\n\n<p>www.zdp.ostroleka.pl<\/p>\n\n\n\n<p><strong>w dniu 20.01.2023 r.<\/strong><\/p>\n\n\n\n<p>Opinie dotycz\u0105ce przedsi\u0119wzi\u0119cia nale\u017cy przesy\u0142a\u0107 w terminie<\/p>\n\n\n\n<p><strong>do dnia 17.02.2023 r.<\/strong><\/p>\n\n\n\n<p>e-mailem na adres<\/p>\n\n\n\n<p><a href=\"mailto:zdpo-ka@wp.pl\">zdpo-ka@wp.pl<\/a><\/p>\n\n\n\n<p>poczt\u0105 na adres<\/p>\n\n\n\n<p>Zarz\u0105d Dr\u00f3g Powiatowych w Ostro\u0142\u0119ce, ul. Lokalna 2, 07-410 Ostro\u0142\u0119ka<\/p>\n\n\n\n<p>Przes\u0142ane opinie imienne, podpisane (nie dotyczy wiadomo\u015bci wys\u0142anych e-mailem)<br>i zawieraj\u0105ce adres nieruchomo\u015bci, kt\u00f3rej dotyczy opinia, zostan\u0105 przeanalizowane<br>i w przypadkach uzasadnionych, tj. mo\u017cliwych do zastosowania ze wzgl\u0119d\u00f3w technicznych, prawnych, \u015brodowiskowych i finansowych \u2013 uwzgl\u0119dnione.<\/p>\n\n\n\n<p>Materia\u0142y graficzne zostan\u0105 r\u00f3wnie\u017c udost\u0119pnione na stronach<\/p>\n\n\n\n<p>Starostwa Powiatowego w Ostro\u0142\u0119ce, Gminy Baranowo.<\/p>\n\n\n\n<div class=\"wp-block-file\"><a id=\"wp-block-file--media-aa87a81c-6648-48bb-9992-d0307340039f\" href=\"https:\/\/zdp.ostroleka.pl\/wp-content\/uploads\/2023\/01\/Konsultacje-spoleczne-20.01.2023r.pdf\">Konsultacje-spoleczne-20.01.2023r<\/a><a href=\"https:\/\/zdp.ostroleka.pl\/wp-content\/uploads\/2023\/01\/Konsultacje-spoleczne-20.01.2023r.pdf\" class=\"wp-block-file__button wp-element-button\" download aria-describedby=\"wp-block-file--media-aa87a81c-6648-48bb-9992-d0307340039f\">Pobierz<\/a><\/div>\n\n\n\n<div class=\"wp-block-file\"><a id=\"wp-block-file--media-a3692155-9e4b-4e60-a368-b33fc214dac0\" href=\"https:\/\/zdp.ostroleka.pl\/wp-content\/uploads\/2023\/01\/Plan_lokalizacyjno-orientacyjny.pdf\">Plan_lokalizacyjno-orientacyjny<\/a><a href=\"https:\/\/zdp.ostroleka.pl\/wp-content\/uploads\/2023\/01\/Plan_lokalizacyjno-orientacyjny.pdf\" class=\"wp-block-file__button wp-element-button\" download aria-describedby=\"wp-block-file--media-a3692155-9e4b-4e60-a368-b33fc214dac0\">Pobierz<\/a><\/div>\n\n\n\n<div class=\"wp-block-file\"><a id=\"wp-block-file--media-1798f8a3-02e2-4312-9131-fb8d4cfa20eb\" href=\"https:\/\/zdp.ostroleka.pl\/wp-content\/uploads\/2023\/01\/Plan_zagospodarowania_terenu_Kopaczyska.pdf\">Plan_zagospodarowania_terenu_Kopaczyska<\/a><a href=\"https:\/\/zdp.ostroleka.pl\/wp-content\/uploads\/2023\/01\/Plan_zagospodarowania_terenu_Kopaczyska.pdf\" class=\"wp-block-file__button wp-element-button\" download aria-describedby=\"wp-block-file--media-1798f8a3-02e2-4312-9131-fb8d4cfa20eb\">Pobierz<\/a><\/div>\n","protected":false},"excerpt":{"rendered":"<p>Zarz\u0105d Dr\u00f3g Powiatowych w Ostro\u0142\u0119ce zaprasza do wzi\u0119cia udzia\u0142u w konsultacjach spo\u0142ecznych odno\u015bnie wykonania aktualizacji &nbsp; dokumentacji projektowej dotycz\u0105cej Rozbudowy drogi powiatowej nr 2533W Chudek \u2013 Gleba \u2013 Kierzek &#8211; Zawady od km 11+592 do ok. km 12+223 (d\u0142ugo\u015b\u0107 oko\u0142o 631 m) w miejscowo\u015bci Kopaczyska. W szczeg\u00f3lno\u015bci prosz\u0119 zwr\u00f3ci\u0107 uwag\u0119 na lokalizacj\u0119 zjazd\u00f3w do nieruchomo\u015bci. [&hellip;]<\/p>\n","protected":false},"author":2,"featured_media":36,"comment_status":"closed","ping_status":"closed","sticky":false,"template":"","format":"standard","meta":{"om_disable_all_campaigns":false,"_monsterinsights_skip_tracking":false,"_monsterinsights_sitenote_active":false,"_monsterinsights_sitenote_note":"","_monsterinsights_sitenote_category":0,"footnotes":""},"categories":[3,4],"tags":[],"class_list":["post-1783","post","type-post","status-publish","format-standard","has-post-thumbnail","hentry","category-aktualnosci","category-konsultacje-spoleczne"],"aioseo_notices":[],"_links":{"self":[{"href":"https:\/\/zdp.ostroleka.pl\/index.php?rest_route=\/wp\/v2\/posts\/1783","targetHints":{"allow":["GET"]}}],"collection":[{"href":"https:\/\/zdp.ostroleka.pl\/index.php?rest_route=\/wp\/v2\/posts"}],"about":[{"href":"https:\/\/zdp.ostroleka.pl\/index.php?rest_route=\/wp\/v2\/types\/post"}],"author":[{"embeddable":true,"href":"https:\/\/zdp.ostroleka.pl\/index.php?rest_route=\/wp\/v2\/users\/2"}],"replies":[{"embeddable":true,"href":"https:\/\/zdp.ostroleka.pl\/index.php?rest_route=%2Fwp%2Fv2%2Fcomments&post=1783"}],"version-history":[{"count":1,"href":"https:\/\/zdp.ostroleka.pl\/index.php?rest_route=\/wp\/v2\/posts\/1783\/revisions"}],"predecessor-version":[{"id":1787,"href":"https:\/\/zdp.ostroleka.pl\/index.php?rest_route=\/wp\/v2\/posts\/1783\/revisions\/1787"}],"wp:featuredmedia":[{"embeddable":true,"href":"https:\/\/zdp.ostroleka.pl\/index.php?rest_route=\/wp\/v2\/media\/36"}],"wp:attachment":[{"href":"https:\/\/zdp.ostroleka.pl\/index.php?rest_route=%2Fwp%2Fv2%2Fmedia&parent=1783"}],"wp:term":[{"taxonomy":"category","embeddable":true,"href":"https:\/\/zdp.ostroleka.pl\/index.php?rest_route=%2Fwp%2Fv2%2Fcategories&post=1783"},{"taxonomy":"post_tag","embeddable":true,"href":"https:\/\/zdp.ostroleka.pl\/index.php?rest_route=%2Fwp%2Fv2%2Ftags&post=1783"}],"curies":[{"name":"wp","href":"https:\/\/api.w.org\/{rel}","templated":true}]}}