{"id":1724,"date":"2022-11-24T08:00:00","date_gmt":"2022-11-24T07:00:00","guid":{"rendered":"https:\/\/zdp.ostroleka.pl\/?p=1724"},"modified":"2022-11-23T23:39:14","modified_gmt":"2022-11-23T22:39:14","slug":"konsultacje-spoleczne-17","status":"publish","type":"post","link":"https:\/\/zdp.ostroleka.pl\/?p=1724","title":{"rendered":"Konsultacje spo\u0142eczne"},"content":{"rendered":"\n<p><strong><u>Wykonanie dokumentacji projektowej<\/u><\/strong><\/p>\n\n\n\n<p><strong><u>Rozbudowa drogi powiatowej nr 2546W R\u017caniec &nbsp;\u2013 Grab\u00f3wek od km 0+000 do ok. km 3+835 (d\u0142ugo\u015bci oko\u0142o 3,835 km)<\/u><\/strong><\/p>\n\n\n\n<p>Zarz\u0105d Dr\u00f3g Powiatowych w Ostro\u0142\u0119ce zaprasza do wzi\u0119cia udzia\u0142u<\/p>\n\n\n\n<p>w konsultacjach spo\u0142ecznych odno\u015bnie wykonania<\/p>\n\n\n\n<p>dokumentacji projektowej dotycz\u0105cej<\/p>\n\n\n\n<p><strong><u>Rozbudowa drogi powiatowej nr 2546W R\u017caniec \u2013 Grab\u00f3wek od km 0+000 do ok. km 3+835 (d\u0142ugo\u015b\u0107 oko\u0142o 3,835 km).<\/u><\/strong><\/p>\n\n\n\n<p><strong><em>W szczeg\u00f3lno\u015bci prosz\u0119 zwr\u00f3ci\u0107 uwag\u0119 na lokalizacj\u0119 zjazd\u00f3w do nieruchomo\u015bci.<\/em><\/strong><\/p>\n\n\n\n<p><strong>Materia\u0142y informacyjne udost\u0119pnione zostan\u0105 na stronie internetowej<\/strong><\/p>\n\n\n\n<p>www.zdp.ostroleka.pl<\/p>\n\n\n\n<p><strong>w dniu 24.11.2022 r.<\/strong><\/p>\n\n\n\n<p>Opinie dotycz\u0105ce przedsi\u0119wzi\u0119cia nale\u017cy przesy\u0142a\u0107 w terminie<\/p>\n\n\n\n<p><strong>do dnia 17.12.2022 r.<\/strong><\/p>\n\n\n\n<p>e-mailem na adres<\/p>\n\n\n\n<p><a href=\"mailto:zdpo-ka@wp.pl\">zdpo-ka@wp.pl<\/a><\/p>\n\n\n\n<p>poczt\u0105 na adres<\/p>\n\n\n\n<p>Zarz\u0105d Dr\u00f3g Powiatowych w Ostro\u0142\u0119ce, ul. Lokalna 2, 07-410 Ostro\u0142\u0119ka<\/p>\n\n\n\n<p>Przes\u0142ane opinie imienne, podpisane (nie dotyczy wiadomo\u015bci wys\u0142anych e-mailem)<br>i zawieraj\u0105ce adres nieruchomo\u015bci, kt\u00f3rej dotyczy opinia, zostan\u0105 przeanalizowane<br>i w przypadkach uzasadnionych, tj. mo\u017cliwych do zastosowania ze wzgl\u0119d\u00f3w technicznych, prawnych, \u015brodowiskowych i finansowych \u2013 uwzgl\u0119dnione.<\/p>\n\n\n\n<p>Materia\u0142y graficzne zostan\u0105 r\u00f3wnie\u017c udost\u0119pnione na stronach<\/p>\n\n\n\n<p>Starostwa Powiatowego w Ostro\u0142\u0119ce, Gminy Olszewo-Borki.<\/p>\n\n\n\n<div class=\"wp-block-file\"><a id=\"wp-block-file--media-68ab00dd-5793-421d-b4bf-a47f4291bb78\" href=\"https:\/\/zdp.ostroleka.pl\/wp-content\/uploads\/2022\/11\/Konsultacje-spoleczne-24.11.2022r.pdf\">Konsultacje-spoleczne-24.11.2022r<\/a><a href=\"https:\/\/zdp.ostroleka.pl\/wp-content\/uploads\/2022\/11\/Konsultacje-spoleczne-24.11.2022r.pdf\" class=\"wp-block-file__button wp-element-button\" download aria-describedby=\"wp-block-file--media-68ab00dd-5793-421d-b4bf-a47f4291bb78\">Pobierz<\/a><\/div>\n\n\n\n<div class=\"wp-block-file\"><a id=\"wp-block-file--media-ff097e02-523b-487f-bb8f-4a3a9954e568\" href=\"https:\/\/zdp.ostroleka.pl\/wp-content\/uploads\/2022\/11\/Plan-lokalizacyjno-orientacyjny-1.pdf\">Plan-lokalizacyjno-orientacyjny-1<\/a><a href=\"https:\/\/zdp.ostroleka.pl\/wp-content\/uploads\/2022\/11\/Plan-lokalizacyjno-orientacyjny-1.pdf\" class=\"wp-block-file__button wp-element-button\" download aria-describedby=\"wp-block-file--media-ff097e02-523b-487f-bb8f-4a3a9954e568\">Pobierz<\/a><\/div>\n\n\n\n<div class=\"wp-block-file\"><a id=\"wp-block-file--media-ad591bfa-35c1-43f5-9fd0-e1dfdec78189\" href=\"https:\/\/zdp.ostroleka.pl\/wp-content\/uploads\/2022\/11\/Rys.-nr-2.1.pdf\">Rys.-nr-2.1<\/a><a href=\"https:\/\/zdp.ostroleka.pl\/wp-content\/uploads\/2022\/11\/Rys.-nr-2.1.pdf\" class=\"wp-block-file__button wp-element-button\" download aria-describedby=\"wp-block-file--media-ad591bfa-35c1-43f5-9fd0-e1dfdec78189\">Pobierz<\/a><\/div>\n\n\n\n<div class=\"wp-block-file\"><a id=\"wp-block-file--media-29458ae9-ef1c-416f-9430-8707b6ef7e4e\" href=\"https:\/\/zdp.ostroleka.pl\/wp-content\/uploads\/2022\/11\/Rys.-nr-2.2.pdf\">Rys.-nr-2.2<\/a><a href=\"https:\/\/zdp.ostroleka.pl\/wp-content\/uploads\/2022\/11\/Rys.-nr-2.2.pdf\" class=\"wp-block-file__button wp-element-button\" download aria-describedby=\"wp-block-file--media-29458ae9-ef1c-416f-9430-8707b6ef7e4e\">Pobierz<\/a><\/div>\n\n\n\n<div class=\"wp-block-file\"><a id=\"wp-block-file--media-480fe9bb-5320-4e73-9e2f-1f0905e51848\" href=\"https:\/\/zdp.ostroleka.pl\/wp-content\/uploads\/2022\/11\/Rys.-nr-2.3.pdf\">Rys.-nr-2.3<\/a><a href=\"https:\/\/zdp.ostroleka.pl\/wp-content\/uploads\/2022\/11\/Rys.-nr-2.3.pdf\" class=\"wp-block-file__button wp-element-button\" download aria-describedby=\"wp-block-file--media-480fe9bb-5320-4e73-9e2f-1f0905e51848\">Pobierz<\/a><\/div>\n\n\n\n<div class=\"wp-block-file\"><a id=\"wp-block-file--media-50fedba3-d6b6-4d83-bb42-31c5be0dde34\" href=\"https:\/\/zdp.ostroleka.pl\/wp-content\/uploads\/2022\/11\/Rys.-nr-2.4.pdf\">Rys.-nr-2.4<\/a><a href=\"https:\/\/zdp.ostroleka.pl\/wp-content\/uploads\/2022\/11\/Rys.-nr-2.4.pdf\" class=\"wp-block-file__button wp-element-button\" download aria-describedby=\"wp-block-file--media-50fedba3-d6b6-4d83-bb42-31c5be0dde34\">Pobierz<\/a><\/div>\n\n\n\n<div class=\"wp-block-file\"><a id=\"wp-block-file--media-9ed8c88d-a0ee-43d7-b46e-bd159f89d730\" href=\"https:\/\/zdp.ostroleka.pl\/wp-content\/uploads\/2022\/11\/Rys.-nr-2.5.pdf\">Rys.-nr-2.5<\/a><a href=\"https:\/\/zdp.ostroleka.pl\/wp-content\/uploads\/2022\/11\/Rys.-nr-2.5.pdf\" class=\"wp-block-file__button wp-element-button\" download aria-describedby=\"wp-block-file--media-9ed8c88d-a0ee-43d7-b46e-bd159f89d730\">Pobierz<\/a><\/div>\n\n\n\n<div class=\"wp-block-file\"><a id=\"wp-block-file--media-2172f516-e7a6-4136-b1a1-735e563b9d56\" href=\"https:\/\/zdp.ostroleka.pl\/wp-content\/uploads\/2022\/11\/Rys.-nr-2.6.pdf\">Rys.-nr-2.6<\/a><a href=\"https:\/\/zdp.ostroleka.pl\/wp-content\/uploads\/2022\/11\/Rys.-nr-2.6.pdf\" class=\"wp-block-file__button wp-element-button\" download aria-describedby=\"wp-block-file--media-2172f516-e7a6-4136-b1a1-735e563b9d56\">Pobierz<\/a><\/div>\n","protected":false},"excerpt":{"rendered":"<p>Wykonanie dokumentacji projektowej Rozbudowa drogi powiatowej nr 2546W R\u017caniec &nbsp;\u2013 Grab\u00f3wek od km 0+000 do ok. km 3+835 (d\u0142ugo\u015bci oko\u0142o 3,835 km) Zarz\u0105d Dr\u00f3g Powiatowych w Ostro\u0142\u0119ce zaprasza do wzi\u0119cia udzia\u0142u w konsultacjach spo\u0142ecznych odno\u015bnie wykonania dokumentacji projektowej dotycz\u0105cej Rozbudowa drogi powiatowej nr 2546W R\u017caniec \u2013 Grab\u00f3wek od km 0+000 do ok. km 3+835 (d\u0142ugo\u015b\u0107 [&hellip;]<\/p>\n","protected":false},"author":2,"featured_media":36,"comment_status":"closed","ping_status":"closed","sticky":false,"template":"","format":"standard","meta":{"om_disable_all_campaigns":false,"_monsterinsights_skip_tracking":false,"_monsterinsights_sitenote_active":false,"_monsterinsights_sitenote_note":"","_monsterinsights_sitenote_category":0,"footnotes":""},"categories":[3,4],"tags":[],"class_list":["post-1724","post","type-post","status-publish","format-standard","has-post-thumbnail","hentry","category-aktualnosci","category-konsultacje-spoleczne"],"aioseo_notices":[],"_links":{"self":[{"href":"https:\/\/zdp.ostroleka.pl\/index.php?rest_route=\/wp\/v2\/posts\/1724","targetHints":{"allow":["GET"]}}],"collection":[{"href":"https:\/\/zdp.ostroleka.pl\/index.php?rest_route=\/wp\/v2\/posts"}],"about":[{"href":"https:\/\/zdp.ostroleka.pl\/index.php?rest_route=\/wp\/v2\/types\/post"}],"author":[{"embeddable":true,"href":"https:\/\/zdp.ostroleka.pl\/index.php?rest_route=\/wp\/v2\/users\/2"}],"replies":[{"embeddable":true,"href":"https:\/\/zdp.ostroleka.pl\/index.php?rest_route=%2Fwp%2Fv2%2Fcomments&post=1724"}],"version-history":[{"count":1,"href":"https:\/\/zdp.ostroleka.pl\/index.php?rest_route=\/wp\/v2\/posts\/1724\/revisions"}],"predecessor-version":[{"id":1733,"href":"https:\/\/zdp.ostroleka.pl\/index.php?rest_route=\/wp\/v2\/posts\/1724\/revisions\/1733"}],"wp:featuredmedia":[{"embeddable":true,"href":"https:\/\/zdp.ostroleka.pl\/index.php?rest_route=\/wp\/v2\/media\/36"}],"wp:attachment":[{"href":"https:\/\/zdp.ostroleka.pl\/index.php?rest_route=%2Fwp%2Fv2%2Fmedia&parent=1724"}],"wp:term":[{"taxonomy":"category","embeddable":true,"href":"https:\/\/zdp.ostroleka.pl\/index.php?rest_route=%2Fwp%2Fv2%2Fcategories&post=1724"},{"taxonomy":"post_tag","embeddable":true,"href":"https:\/\/zdp.ostroleka.pl\/index.php?rest_route=%2Fwp%2Fv2%2Ftags&post=1724"}],"curies":[{"name":"wp","href":"https:\/\/api.w.org\/{rel}","templated":true}]}}