{"id":1564,"date":"2022-07-15T19:25:18","date_gmt":"2022-07-15T17:25:18","guid":{"rendered":"https:\/\/zdp.ostroleka.pl\/?p=1564"},"modified":"2022-07-15T19:25:19","modified_gmt":"2022-07-15T17:25:19","slug":"uwaga-most-na-rzece-orz-w-msc-grodzisk-duzy-w-rozbudowie","status":"publish","type":"post","link":"https:\/\/zdp.ostroleka.pl\/?p=1564","title":{"rendered":"Uwaga! Most na rzece Orz w msc. Grodzisk Du\u017cy w rozbudowie."},"content":{"rendered":"\n<p>Od 18 lipca droga b\u0119dzie zamkni\u0119ta.<br>Zarz\u0105d Dr\u00f3g Powiatowych w Ostro\u0142\u0119ce informuje, \u017ce 18 lipca planowane jest rozpocz\u0119cie prac zwi\u0105zanych z rozbudow\u0105 mostu na rzece Orz w miejscowo\u015bci Grodzisk Du\u017cy.<br>W zwi\u0105zku z powy\u017cszym, droga powiatowa nr 2566W Grodzisk \u2013 Goworowo w miejscu prowadzenia rob\u00f3t zostanie ca\u0142kowicie zamkni\u0119ta.<br>Zako\u0144czenie prac zwi\u0105zanych z rozbudow\u0105 mostu zaplanowano na<br>20 listopada 2022 roku.<br>Za utrudnienia przepraszamy.<\/p>\n\n\n\n<figure class=\"wp-block-gallery has-nested-images columns-default is-cropped wp-block-gallery-1 is-layout-flex wp-block-gallery-is-layout-flex\">\n<figure class=\"wp-block-image size-large\"><img decoding=\"async\" width=\"1024\" height=\"576\" data-id=\"1565\" src=\"https:\/\/zdp.ostroleka.pl\/wp-content\/uploads\/2022\/07\/Grodzisk-1024x576.jpg\" alt=\"Grodzisk\" class=\"wp-image-1565\" srcset=\"https:\/\/zdp.ostroleka.pl\/wp-content\/uploads\/2022\/07\/Grodzisk-1024x576.jpg 1024w, https:\/\/zdp.ostroleka.pl\/wp-content\/uploads\/2022\/07\/Grodzisk-300x169.jpg 300w, https:\/\/zdp.ostroleka.pl\/wp-content\/uploads\/2022\/07\/Grodzisk-768x432.jpg 768w, https:\/\/zdp.ostroleka.pl\/wp-content\/uploads\/2022\/07\/Grodzisk-1536x864.jpg 1536w, https:\/\/zdp.ostroleka.pl\/wp-content\/uploads\/2022\/07\/Grodzisk.bmp 1920w\" sizes=\"(max-width: 1024px) 100vw, 1024px\" \/><figcaption>Grodzisk<\/figcaption><\/figure>\n<\/figure>\n","protected":false},"excerpt":{"rendered":"<p>Od 18 lipca droga b\u0119dzie zamkni\u0119ta.Zarz\u0105d Dr\u00f3g Powiatowych w Ostro\u0142\u0119ce informuje, \u017ce 18 lipca planowane jest rozpocz\u0119cie prac zwi\u0105zanych z rozbudow\u0105 mostu na rzece Orz w miejscowo\u015bci Grodzisk Du\u017cy.W zwi\u0105zku z powy\u017cszym, droga powiatowa nr 2566W Grodzisk \u2013 Goworowo w miejscu prowadzenia rob\u00f3t zostanie ca\u0142kowicie zamkni\u0119ta.Zako\u0144czenie prac zwi\u0105zanych z rozbudow\u0105 mostu zaplanowano na20 listopada 2022 [&hellip;]<\/p>\n","protected":false},"author":2,"featured_media":36,"comment_status":"closed","ping_status":"closed","sticky":false,"template":"","format":"standard","meta":{"om_disable_all_campaigns":false,"_monsterinsights_skip_tracking":false,"_monsterinsights_sitenote_active":false,"_monsterinsights_sitenote_note":"","_monsterinsights_sitenote_category":0,"footnotes":""},"categories":[3],"tags":[],"class_list":["post-1564","post","type-post","status-publish","format-standard","has-post-thumbnail","hentry","category-aktualnosci"],"aioseo_notices":[],"_links":{"self":[{"href":"https:\/\/zdp.ostroleka.pl\/index.php?rest_route=\/wp\/v2\/posts\/1564","targetHints":{"allow":["GET"]}}],"collection":[{"href":"https:\/\/zdp.ostroleka.pl\/index.php?rest_route=\/wp\/v2\/posts"}],"about":[{"href":"https:\/\/zdp.ostroleka.pl\/index.php?rest_route=\/wp\/v2\/types\/post"}],"author":[{"embeddable":true,"href":"https:\/\/zdp.ostroleka.pl\/index.php?rest_route=\/wp\/v2\/users\/2"}],"replies":[{"embeddable":true,"href":"https:\/\/zdp.ostroleka.pl\/index.php?rest_route=%2Fwp%2Fv2%2Fcomments&post=1564"}],"version-history":[{"count":1,"href":"https:\/\/zdp.ostroleka.pl\/index.php?rest_route=\/wp\/v2\/posts\/1564\/revisions"}],"predecessor-version":[{"id":1566,"href":"https:\/\/zdp.ostroleka.pl\/index.php?rest_route=\/wp\/v2\/posts\/1564\/revisions\/1566"}],"wp:featuredmedia":[{"embeddable":true,"href":"https:\/\/zdp.ostroleka.pl\/index.php?rest_route=\/wp\/v2\/media\/36"}],"wp:attachment":[{"href":"https:\/\/zdp.ostroleka.pl\/index.php?rest_route=%2Fwp%2Fv2%2Fmedia&parent=1564"}],"wp:term":[{"taxonomy":"category","embeddable":true,"href":"https:\/\/zdp.ostroleka.pl\/index.php?rest_route=%2Fwp%2Fv2%2Fcategories&post=1564"},{"taxonomy":"post_tag","embeddable":true,"href":"https:\/\/zdp.ostroleka.pl\/index.php?rest_route=%2Fwp%2Fv2%2Ftags&post=1564"}],"curies":[{"name":"wp","href":"https:\/\/api.w.org\/{rel}","templated":true}]}}