{"id":1529,"date":"2022-05-30T09:03:00","date_gmt":"2022-05-30T07:03:00","guid":{"rendered":"https:\/\/zdp.ostroleka.pl\/?p=1529"},"modified":"2022-06-15T08:06:56","modified_gmt":"2022-06-15T06:06:56","slug":"rozbudowa-drogi-powiatowej","status":"publish","type":"post","link":"https:\/\/zdp.ostroleka.pl\/?p=1529","title":{"rendered":"Rozbudowa drogi powiatowej"},"content":{"rendered":"\n<figure class=\"wp-block-image size-full\"><img decoding=\"async\" width=\"458\" height=\"89\" src=\"https:\/\/zdp.ostroleka.pl\/wp-content\/uploads\/2022\/05\/logo-mazovia.jpg\" alt=\"logo mazovia\" class=\"wp-image-1537\" srcset=\"https:\/\/zdp.ostroleka.pl\/wp-content\/uploads\/2022\/05\/logo-mazovia.jpg 458w, https:\/\/zdp.ostroleka.pl\/wp-content\/uploads\/2022\/05\/logo-mazovia-300x58.jpg 300w\" sizes=\"(max-width: 458px) 100vw, 458px\" \/><\/figure>\n\n\n\n<p><\/p>\n\n\n\n<p><strong>Rozbudowa drogi powiatowej<\/strong><\/p>\n\n\n\n<p><strong>nr 2533 W Chudek \u2013 Gleba \u2013 Kierzek \u2013 Zawady \u2013 Etap II<\/strong><\/p>\n\n\n\n<p>w ramach instrumentu wsparcia zada\u0144 wa\u017cnych dla r\u00f3wnomiernego rozwoju wojew\u00f3dztwa mazowieckiego.<\/p>\n\n\n\n<p>&nbsp;&nbsp;&nbsp;&nbsp;&nbsp;&nbsp;&nbsp;&nbsp;&nbsp; Powiat Ostro\u0142\u0119cki rozpocz\u0105\u0142 w 2021 roku realizacj\u0119 projektu w ramach instrumentu wsparcia wa\u017cnych zada\u0144 dla r\u00f3wnomiernego rozwoju wojew\u00f3dztwa mazowieckiego. Warto\u015b\u0107 inwestycji po przeprowadzeniu post\u0119powania przetargowego, wynios\u0142a <strong>6&nbsp;671&nbsp;520,00 z\u0142otych brutto<\/strong>. Powiatowi udzielono dotacj\u0119 w wysokosci &nbsp;<strong>4&nbsp;000&nbsp;000,00 z\u0142otych brutto ze \u015brodk\u00f3w &nbsp;bud\u017cetu Wojew\u00f3dztwa Mazowieckiego<\/strong> na dofinasowanie zadania.&nbsp; Prace realizuje w terenie &nbsp;Przedsi\u0119biorstwo Rob\u00f3t Drogowo \u2013 Mostowych OSTRADA z Ostro\u0142\u0119ki. Docelowo zostanie rozbudowana&nbsp;&nbsp; droga&nbsp; powiatowa &nbsp;&nbsp;&nbsp;&nbsp;&nbsp;&nbsp;&nbsp;&nbsp;&nbsp;&nbsp;&nbsp;&nbsp;&nbsp;&nbsp;&nbsp;&nbsp;&nbsp;nr 2533W Chudek \u2013 Gleba \u2013 Kierzek \u2013 Zawady na odcinkach od km 4+370,00 do km 5+837,00 i od km 6+163,00 do km 9+770,00. Zako\u0144czenie inwestycji ramach II etapu ma nast\u0105pi\u0107 w I p\u00f3\u0142roczu 2022 roku.<\/p>\n\n\n\n<p>Sporz\u0105dzi\u0142:&nbsp; R. Czachowski<\/p>\n\n\n\n<p><em>starszy specjalista ds. utrzymania dr\u00f3g i most\u00f3w<br>planowania techniczno &#8211; ekonomicznego<br><strong>Zarz\u0105d Dr\u00f3g Powiatowych w Ostro\u0142\u0119ce<\/strong><\/em><\/p>\n\n\n\n<p><\/p>\n\n\n\n<div class=\"wp-block-file\"><a id=\"wp-block-file--media-17d73f60-6b0b-4cec-bffe-ef0f33411bb7\" href=\"https:\/\/zdp.ostroleka.pl\/wp-content\/uploads\/2022\/06\/Opis-inwestycji-.pdf\">Opis-inwestycji-<\/a><a href=\"https:\/\/zdp.ostroleka.pl\/wp-content\/uploads\/2022\/06\/Opis-inwestycji-.pdf\" class=\"wp-block-file__button\" download aria-describedby=\"wp-block-file--media-17d73f60-6b0b-4cec-bffe-ef0f33411bb7\">Pobierz<\/a><\/div>\n\n\n\n<figure class=\"wp-block-image size-large\"><img decoding=\"async\" width=\"1024\" height=\"768\" src=\"https:\/\/zdp.ostroleka.pl\/wp-content\/uploads\/2022\/06\/285563204_558283379305737_2601485340208675781_n-1024x768.jpg\" alt=\"285563204 558283379305737 2601485340208675781 n\" class=\"wp-image-1541\" srcset=\"https:\/\/zdp.ostroleka.pl\/wp-content\/uploads\/2022\/06\/285563204_558283379305737_2601485340208675781_n-1024x768.jpg 1024w, https:\/\/zdp.ostroleka.pl\/wp-content\/uploads\/2022\/06\/285563204_558283379305737_2601485340208675781_n-300x225.jpg 300w, https:\/\/zdp.ostroleka.pl\/wp-content\/uploads\/2022\/06\/285563204_558283379305737_2601485340208675781_n-768x576.jpg 768w, https:\/\/zdp.ostroleka.pl\/wp-content\/uploads\/2022\/06\/285563204_558283379305737_2601485340208675781_n-1536x1152.jpg 1536w, https:\/\/zdp.ostroleka.pl\/wp-content\/uploads\/2022\/06\/285563204_558283379305737_2601485340208675781_n.jpg 2048w\" sizes=\"(max-width: 1024px) 100vw, 1024px\" \/><\/figure>\n\n\n\n<p><\/p>\n\n\n\n<figure class=\"wp-block-image size-large\"><img decoding=\"async\" width=\"1024\" height=\"768\" src=\"https:\/\/zdp.ostroleka.pl\/wp-content\/uploads\/2022\/05\/285810693_563548968490610_8054781862074351905_n-1024x768.jpg\" alt=\"285810693 563548968490610 8054781862074351905 n\" class=\"wp-image-1544\" srcset=\"https:\/\/zdp.ostroleka.pl\/wp-content\/uploads\/2022\/05\/285810693_563548968490610_8054781862074351905_n-1024x768.jpg 1024w, https:\/\/zdp.ostroleka.pl\/wp-content\/uploads\/2022\/05\/285810693_563548968490610_8054781862074351905_n-300x225.jpg 300w, https:\/\/zdp.ostroleka.pl\/wp-content\/uploads\/2022\/05\/285810693_563548968490610_8054781862074351905_n-768x576.jpg 768w, https:\/\/zdp.ostroleka.pl\/wp-content\/uploads\/2022\/05\/285810693_563548968490610_8054781862074351905_n-1536x1152.jpg 1536w, https:\/\/zdp.ostroleka.pl\/wp-content\/uploads\/2022\/05\/285810693_563548968490610_8054781862074351905_n.jpg 2048w\" sizes=\"(max-width: 1024px) 100vw, 1024px\" \/><\/figure>\n\n\n\n<figure class=\"wp-block-image size-large\"><img decoding=\"async\" width=\"1024\" height=\"768\" src=\"https:\/\/zdp.ostroleka.pl\/wp-content\/uploads\/2022\/05\/285575872_1514722005628408_3042546174225951717_n-1024x768.jpg\" alt=\"285575872 1514722005628408 3042546174225951717 n\" class=\"wp-image-1543\" srcset=\"https:\/\/zdp.ostroleka.pl\/wp-content\/uploads\/2022\/05\/285575872_1514722005628408_3042546174225951717_n-1024x768.jpg 1024w, https:\/\/zdp.ostroleka.pl\/wp-content\/uploads\/2022\/05\/285575872_1514722005628408_3042546174225951717_n-300x225.jpg 300w, https:\/\/zdp.ostroleka.pl\/wp-content\/uploads\/2022\/05\/285575872_1514722005628408_3042546174225951717_n-768x576.jpg 768w, https:\/\/zdp.ostroleka.pl\/wp-content\/uploads\/2022\/05\/285575872_1514722005628408_3042546174225951717_n-1536x1152.jpg 1536w, https:\/\/zdp.ostroleka.pl\/wp-content\/uploads\/2022\/05\/285575872_1514722005628408_3042546174225951717_n.jpg 2048w\" sizes=\"(max-width: 1024px) 100vw, 1024px\" \/><\/figure>\n","protected":false},"excerpt":{"rendered":"<p>Rozbudowa drogi powiatowej nr 2533 W Chudek \u2013 Gleba \u2013 Kierzek \u2013 Zawady \u2013 Etap II w ramach instrumentu wsparcia zada\u0144 wa\u017cnych dla r\u00f3wnomiernego rozwoju wojew\u00f3dztwa mazowieckiego. &nbsp;&nbsp;&nbsp;&nbsp;&nbsp;&nbsp;&nbsp;&nbsp;&nbsp; Powiat Ostro\u0142\u0119cki rozpocz\u0105\u0142 w 2021 roku realizacj\u0119 projektu w ramach instrumentu wsparcia wa\u017cnych zada\u0144 dla r\u00f3wnomiernego rozwoju wojew\u00f3dztwa mazowieckiego. Warto\u015b\u0107 inwestycji po przeprowadzeniu post\u0119powania przetargowego, wynios\u0142a 6&nbsp;671&nbsp;520,00 [&hellip;]<\/p>\n","protected":false},"author":2,"featured_media":1534,"comment_status":"closed","ping_status":"closed","sticky":false,"template":"","format":"standard","meta":{"om_disable_all_campaigns":false,"_monsterinsights_skip_tracking":false,"_monsterinsights_sitenote_active":false,"_monsterinsights_sitenote_note":"","_monsterinsights_sitenote_category":0,"footnotes":""},"categories":[28],"tags":[],"class_list":["post-1529","post","type-post","status-publish","format-standard","has-post-thumbnail","hentry","category-realizacja-inwestycji-dotowanych-z-budzetu-wojewodztwa-mazowieckiego"],"aioseo_notices":[],"_links":{"self":[{"href":"https:\/\/zdp.ostroleka.pl\/index.php?rest_route=\/wp\/v2\/posts\/1529","targetHints":{"allow":["GET"]}}],"collection":[{"href":"https:\/\/zdp.ostroleka.pl\/index.php?rest_route=\/wp\/v2\/posts"}],"about":[{"href":"https:\/\/zdp.ostroleka.pl\/index.php?rest_route=\/wp\/v2\/types\/post"}],"author":[{"embeddable":true,"href":"https:\/\/zdp.ostroleka.pl\/index.php?rest_route=\/wp\/v2\/users\/2"}],"replies":[{"embeddable":true,"href":"https:\/\/zdp.ostroleka.pl\/index.php?rest_route=%2Fwp%2Fv2%2Fcomments&post=1529"}],"version-history":[{"count":4,"href":"https:\/\/zdp.ostroleka.pl\/index.php?rest_route=\/wp\/v2\/posts\/1529\/revisions"}],"predecessor-version":[{"id":1546,"href":"https:\/\/zdp.ostroleka.pl\/index.php?rest_route=\/wp\/v2\/posts\/1529\/revisions\/1546"}],"wp:featuredmedia":[{"embeddable":true,"href":"https:\/\/zdp.ostroleka.pl\/index.php?rest_route=\/wp\/v2\/media\/1534"}],"wp:attachment":[{"href":"https:\/\/zdp.ostroleka.pl\/index.php?rest_route=%2Fwp%2Fv2%2Fmedia&parent=1529"}],"wp:term":[{"taxonomy":"category","embeddable":true,"href":"https:\/\/zdp.ostroleka.pl\/index.php?rest_route=%2Fwp%2Fv2%2Fcategories&post=1529"},{"taxonomy":"post_tag","embeddable":true,"href":"https:\/\/zdp.ostroleka.pl\/index.php?rest_route=%2Fwp%2Fv2%2Ftags&post=1529"}],"curies":[{"name":"wp","href":"https:\/\/api.w.org\/{rel}","templated":true}]}}