{"id":1487,"date":"2022-05-02T14:08:28","date_gmt":"2022-05-02T12:08:28","guid":{"rendered":"https:\/\/zdp.ostroleka.pl\/?p=1487"},"modified":"2022-05-02T14:08:28","modified_gmt":"2022-05-02T12:08:28","slug":"czasowa-zmiana-w-organizacji-ruchu-na-ulicy-lawskiej","status":"publish","type":"post","link":"https:\/\/zdp.ostroleka.pl\/?p=1487","title":{"rendered":"Czasowa zmiana w organizacji ruchu na ulicy \u0141awskiej"},"content":{"rendered":"\n<p>Od dnia 05.05.2022 r obowi\u0105zywa\u0142a b\u0119dzie czasowa zmiana w organizacji ruchu na ulicy \u0141awskiej.<br>W zwi\u0105zku z realizacj\u0105 inwestycji pn.: &#8222;Przebudowa drogi powiatowej 2584W od dr 627 \u2013 Susk Nowy \u2013 \u0141awy &#8211; Ostro\u0142\u0119ka w obszarze oddzia\u0142ywania przej\u015bcia dla pieszych zlokalizowanego w km oko\u0142o 6+225 w miejscowo\u015bci \u0141awy wraz z budow\u0105 o\u015bwietlenia przej\u015bcia dla pieszych&#8221; nast\u0105pi zamkni\u0119cie ul. \u0141awskiej na odcinku od ulicy Granicznej do ul. Przemys\u0142owej.<br>Wykonawca zaplanowa\u0142 objazd, kt\u00f3ry przebiega\u0142 b\u0119dzie ulic\u0105 Graniczn\u0105, drog\u0105 wojew\u00f3dzk\u0105 nr 627 i ulic\u0105 Przemys\u0142ow\u0105.<br>Zako\u0144czenie\u00a0prac\u00a0zaplanowano\u00a05.07.2022\u00a0r.<\/p>\n\n\n\n<div class=\"wp-block-file\"><a id=\"wp-block-file--media-e6bd9418-b002-46ae-9d03-22cc022f06c3\" href=\"https:\/\/zdp.ostroleka.pl\/wp-content\/uploads\/2022\/05\/Lawska-objazd.pdf\">Lawska-objazd<\/a><a href=\"https:\/\/zdp.ostroleka.pl\/wp-content\/uploads\/2022\/05\/Lawska-objazd.pdf\" class=\"wp-block-file__button\" download aria-describedby=\"wp-block-file--media-e6bd9418-b002-46ae-9d03-22cc022f06c3\">Pobierz<\/a><\/div>\n","protected":false},"excerpt":{"rendered":"<p>Od dnia 05.05.2022 r obowi\u0105zywa\u0142a b\u0119dzie czasowa zmiana w organizacji ruchu na ulicy \u0141awskiej.W zwi\u0105zku z realizacj\u0105 inwestycji pn.: &#8222;Przebudowa drogi powiatowej 2584W od dr 627 \u2013 Susk Nowy \u2013 \u0141awy &#8211; Ostro\u0142\u0119ka w obszarze oddzia\u0142ywania przej\u015bcia dla pieszych zlokalizowanego w km oko\u0142o 6+225 w miejscowo\u015bci \u0141awy wraz z budow\u0105 o\u015bwietlenia przej\u015bcia dla pieszych&#8221; nast\u0105pi [&hellip;]<\/p>\n","protected":false},"author":2,"featured_media":36,"comment_status":"closed","ping_status":"closed","sticky":false,"template":"","format":"standard","meta":{"om_disable_all_campaigns":false,"_monsterinsights_skip_tracking":false,"_monsterinsights_sitenote_active":false,"_monsterinsights_sitenote_note":"","_monsterinsights_sitenote_category":0,"footnotes":""},"categories":[3],"tags":[],"class_list":["post-1487","post","type-post","status-publish","format-standard","has-post-thumbnail","hentry","category-aktualnosci"],"aioseo_notices":[],"_links":{"self":[{"href":"https:\/\/zdp.ostroleka.pl\/index.php?rest_route=\/wp\/v2\/posts\/1487","targetHints":{"allow":["GET"]}}],"collection":[{"href":"https:\/\/zdp.ostroleka.pl\/index.php?rest_route=\/wp\/v2\/posts"}],"about":[{"href":"https:\/\/zdp.ostroleka.pl\/index.php?rest_route=\/wp\/v2\/types\/post"}],"author":[{"embeddable":true,"href":"https:\/\/zdp.ostroleka.pl\/index.php?rest_route=\/wp\/v2\/users\/2"}],"replies":[{"embeddable":true,"href":"https:\/\/zdp.ostroleka.pl\/index.php?rest_route=%2Fwp%2Fv2%2Fcomments&post=1487"}],"version-history":[{"count":1,"href":"https:\/\/zdp.ostroleka.pl\/index.php?rest_route=\/wp\/v2\/posts\/1487\/revisions"}],"predecessor-version":[{"id":1489,"href":"https:\/\/zdp.ostroleka.pl\/index.php?rest_route=\/wp\/v2\/posts\/1487\/revisions\/1489"}],"wp:featuredmedia":[{"embeddable":true,"href":"https:\/\/zdp.ostroleka.pl\/index.php?rest_route=\/wp\/v2\/media\/36"}],"wp:attachment":[{"href":"https:\/\/zdp.ostroleka.pl\/index.php?rest_route=%2Fwp%2Fv2%2Fmedia&parent=1487"}],"wp:term":[{"taxonomy":"category","embeddable":true,"href":"https:\/\/zdp.ostroleka.pl\/index.php?rest_route=%2Fwp%2Fv2%2Fcategories&post=1487"},{"taxonomy":"post_tag","embeddable":true,"href":"https:\/\/zdp.ostroleka.pl\/index.php?rest_route=%2Fwp%2Fv2%2Ftags&post=1487"}],"curies":[{"name":"wp","href":"https:\/\/api.w.org\/{rel}","templated":true}]}}