{"id":1421,"date":"2022-03-10T11:17:22","date_gmt":"2022-03-10T10:17:22","guid":{"rendered":"https:\/\/zdp.ostroleka.pl\/?p=1421"},"modified":"2022-03-18T09:35:23","modified_gmt":"2022-03-18T08:35:23","slug":"zapytanie-ofertowe-41","status":"publish","type":"post","link":"https:\/\/zdp.ostroleka.pl\/?p=1421","title":{"rendered":"Zapytanie ofertowe"},"content":{"rendered":"\n<p>Piel\u0119gnacja 14 szt. drzew rosn\u0105cych w pasie drogowym drogi powiatowej nr 2551W Rzeku\u0144 \u2013 Zabiele \u2013 \u0141\u0105tczyn w msc. \u0141awy<\/p>\n\n\n\n<div class=\"wp-block-file\"><a id=\"wp-block-file--media-604d922a-5c03-406f-b306-1578fa69697c\" href=\"https:\/\/zdp.ostroleka.pl\/wp-content\/uploads\/2022\/03\/Ogloszenie.pdf\">Ogloszenie<\/a><a href=\"https:\/\/zdp.ostroleka.pl\/wp-content\/uploads\/2022\/03\/Ogloszenie.pdf\" class=\"wp-block-file__button\" download aria-describedby=\"wp-block-file--media-604d922a-5c03-406f-b306-1578fa69697c\">Pobierz<\/a><\/div>\n\n\n\n<div class=\"wp-block-file\"><a id=\"wp-block-file--media-4ee502d3-5383-4596-ad35-c1f6d8188d96\" href=\"https:\/\/zdp.ostroleka.pl\/wp-content\/uploads\/2022\/03\/Oferta.docx\">Formularz&nbsp;ofertowy<\/a><a href=\"https:\/\/zdp.ostroleka.pl\/wp-content\/uploads\/2022\/03\/Oferta.docx\" class=\"wp-block-file__button\" download aria-describedby=\"wp-block-file--media-4ee502d3-5383-4596-ad35-c1f6d8188d96\">Pobierz<\/a><\/div>\n\n\n\n<div class=\"wp-block-file\"><a id=\"wp-block-file--media-ba5c36cf-2a48-4357-97ac-758bf9ca1733\" href=\"https:\/\/zdp.ostroleka.pl\/wp-content\/uploads\/2022\/03\/Material-zdjeciowy.pdf\">Material-zdjeciowy<\/a><a href=\"https:\/\/zdp.ostroleka.pl\/wp-content\/uploads\/2022\/03\/Material-zdjeciowy.pdf\" class=\"wp-block-file__button\" download aria-describedby=\"wp-block-file--media-ba5c36cf-2a48-4357-97ac-758bf9ca1733\">Pobierz<\/a><\/div>\n\n\n\n<div class=\"wp-block-file\"><a id=\"wp-block-file--media-083c3dcd-b478-4c22-9488-4d96815ddc9f\" href=\"https:\/\/zdp.ostroleka.pl\/wp-content\/uploads\/2022\/03\/SKM_C450i22031708030.pdf\">Informacja&nbsp;z&nbsp;otwarcia&nbsp;ofert&nbsp;z&nbsp;dnia&nbsp;16.03.2022&nbsp;r.<\/a><a href=\"https:\/\/zdp.ostroleka.pl\/wp-content\/uploads\/2022\/03\/SKM_C450i22031708030.pdf\" class=\"wp-block-file__button\" download aria-describedby=\"wp-block-file--media-083c3dcd-b478-4c22-9488-4d96815ddc9f\">Pobierz<\/a><\/div>\n\n\n\n<div class=\"wp-block-file\"><a id=\"wp-block-file--media-6adf9eb5-0a20-427f-93d4-3f6cb709613c\" href=\"https:\/\/zdp.ostroleka.pl\/wp-content\/uploads\/2022\/03\/SKM_C450i22031808070.pdf\">Wyb\u00f3r\u00a0oferty\u00a0z\u00a0dnia\u00a017.03.2022\u00a0r<\/a><a href=\"https:\/\/zdp.ostroleka.pl\/wp-content\/uploads\/2022\/03\/SKM_C450i22031808070.pdf\" class=\"wp-block-file__button\" download aria-describedby=\"wp-block-file--media-6adf9eb5-0a20-427f-93d4-3f6cb709613c\">Pobierz<\/a><\/div>\n","protected":false},"excerpt":{"rendered":"<p>Piel\u0119gnacja 14 szt. drzew rosn\u0105cych w pasie drogowym drogi powiatowej nr 2551W Rzeku\u0144 \u2013 Zabiele \u2013 \u0141\u0105tczyn w msc. \u0141awy<\/p>\n","protected":false},"author":2,"featured_media":36,"comment_status":"closed","ping_status":"closed","sticky":false,"template":"","format":"standard","meta":{"om_disable_all_campaigns":false,"_monsterinsights_skip_tracking":false,"_monsterinsights_sitenote_active":false,"_monsterinsights_sitenote_note":"","_monsterinsights_sitenote_category":0,"footnotes":""},"categories":[3,10],"tags":[],"class_list":["post-1421","post","type-post","status-publish","format-standard","has-post-thumbnail","hentry","category-aktualnosci","category-zapytanie-ofertowe"],"aioseo_notices":[],"_links":{"self":[{"href":"https:\/\/zdp.ostroleka.pl\/index.php?rest_route=\/wp\/v2\/posts\/1421","targetHints":{"allow":["GET"]}}],"collection":[{"href":"https:\/\/zdp.ostroleka.pl\/index.php?rest_route=\/wp\/v2\/posts"}],"about":[{"href":"https:\/\/zdp.ostroleka.pl\/index.php?rest_route=\/wp\/v2\/types\/post"}],"author":[{"embeddable":true,"href":"https:\/\/zdp.ostroleka.pl\/index.php?rest_route=\/wp\/v2\/users\/2"}],"replies":[{"embeddable":true,"href":"https:\/\/zdp.ostroleka.pl\/index.php?rest_route=%2Fwp%2Fv2%2Fcomments&post=1421"}],"version-history":[{"count":3,"href":"https:\/\/zdp.ostroleka.pl\/index.php?rest_route=\/wp\/v2\/posts\/1421\/revisions"}],"predecessor-version":[{"id":1440,"href":"https:\/\/zdp.ostroleka.pl\/index.php?rest_route=\/wp\/v2\/posts\/1421\/revisions\/1440"}],"wp:featuredmedia":[{"embeddable":true,"href":"https:\/\/zdp.ostroleka.pl\/index.php?rest_route=\/wp\/v2\/media\/36"}],"wp:attachment":[{"href":"https:\/\/zdp.ostroleka.pl\/index.php?rest_route=%2Fwp%2Fv2%2Fmedia&parent=1421"}],"wp:term":[{"taxonomy":"category","embeddable":true,"href":"https:\/\/zdp.ostroleka.pl\/index.php?rest_route=%2Fwp%2Fv2%2Fcategories&post=1421"},{"taxonomy":"post_tag","embeddable":true,"href":"https:\/\/zdp.ostroleka.pl\/index.php?rest_route=%2Fwp%2Fv2%2Ftags&post=1421"}],"curies":[{"name":"wp","href":"https:\/\/api.w.org\/{rel}","templated":true}]}}