{"id":1257,"date":"2022-01-05T14:56:26","date_gmt":"2022-01-05T13:56:26","guid":{"rendered":"https:\/\/zdp.ostroleka.pl\/?p=1257"},"modified":"2022-01-08T10:06:13","modified_gmt":"2022-01-08T09:06:13","slug":"realizacja-inwestycji","status":"publish","type":"post","link":"https:\/\/zdp.ostroleka.pl\/?p=1257","title":{"rendered":"Realizacja inwestycji"},"content":{"rendered":"\n<figure class=\"wp-block-image size-full\"><img decoding=\"async\" width=\"314\" height=\"138\" src=\"https:\/\/zdp.ostroleka.pl\/wp-content\/uploads\/2021\/12\/fundusz.jpg\" alt=\"fundusz\" class=\"wp-image-1244\" srcset=\"https:\/\/zdp.ostroleka.pl\/wp-content\/uploads\/2021\/12\/fundusz.jpg 314w, https:\/\/zdp.ostroleka.pl\/wp-content\/uploads\/2021\/12\/fundusz-300x132.jpg 300w\" sizes=\"(max-width: 314px) 100vw, 314px\" \/><figcaption>fundusz<\/figcaption><\/figure>\n\n\n\n<p>Powiat Ostro\u0142\u0119cki przyst\u0105pi\u0142 w grudniu 2021 roku &nbsp;do realizacji inwestycji pn. <strong>\u201ePoprawa bezpiecze\u0144stwa ruchu drogowego na 1 przej\u015bciu dla pieszych w Czarni na drodze nr 2510W\u201d<\/strong>, kt\u00f3ra jest dofinasowana ze \u015brodk\u00f3w&nbsp;&nbsp; <strong>Rz\u0105dowego Funduszu&nbsp;&nbsp; Rozwoju Dr\u00f3g<\/strong>.<\/p>\n\n\n\n<p>Warto\u015b\u0107 zadania po przetargu \u0142\u0105cznie z wykonaniem dokumentacji projektowej &nbsp;wynosi 1<strong>56&nbsp;975,00 &nbsp;z\u0142otych<\/strong> ,<strong>w tym dofinansowanie ze \u015brodk\u00f3w Rz\u0105dowego Funduszu Rozwoju Dr\u00f3g w wysoko\u015bci<\/strong> <strong>94&nbsp;920,00<\/strong> <strong>z\u0142otych<\/strong>.&nbsp;<\/p>\n\n\n\n<p>&nbsp;&nbsp;&nbsp;&nbsp;&nbsp;&nbsp;&nbsp;&nbsp;&nbsp;&nbsp;&nbsp;&nbsp;&nbsp;&nbsp;&nbsp; Realizacja inwestycji ma na celu popraw\u0119 bezpiecze\u0144stwa ruchu pieszych w obszarze oddzia\u0142ywania przej\u015b\u0107 dla pieszych. Zastosowane rozwi\u0105zania &nbsp;zapewni\u0105 &nbsp;&nbsp;odpowiednie i bezpieczne warunki &nbsp;widoczno\u015bci pieszego przez kierowc\u0119 i pojazdu przez pieszego.<\/p>\n","protected":false},"excerpt":{"rendered":"<p>Powiat Ostro\u0142\u0119cki przyst\u0105pi\u0142 w grudniu 2021 roku &nbsp;do realizacji inwestycji pn. \u201ePoprawa bezpiecze\u0144stwa ruchu drogowego na 1 przej\u015bciu dla pieszych w Czarni na drodze nr 2510W\u201d, kt\u00f3ra jest dofinasowana ze \u015brodk\u00f3w&nbsp;&nbsp; Rz\u0105dowego Funduszu&nbsp;&nbsp; Rozwoju Dr\u00f3g. Warto\u015b\u0107 zadania po przetargu \u0142\u0105cznie z wykonaniem dokumentacji projektowej &nbsp;wynosi 156&nbsp;975,00 &nbsp;z\u0142otych ,w tym dofinansowanie ze \u015brodk\u00f3w Rz\u0105dowego Funduszu Rozwoju [&hellip;]<\/p>\n","protected":false},"author":2,"featured_media":0,"comment_status":"closed","ping_status":"closed","sticky":false,"template":"","format":"standard","meta":{"om_disable_all_campaigns":false,"_monsterinsights_skip_tracking":false,"_monsterinsights_sitenote_active":false,"_monsterinsights_sitenote_note":"","_monsterinsights_sitenote_category":0,"footnotes":""},"categories":[3,26],"tags":[],"class_list":["post-1257","post","type-post","status-publish","format-standard","hentry","category-aktualnosci","category-realizacja-inwestycji-z-zakresie-poprawy-bezpieczenstwa-ruchu-pieszych-w-ramach-rzadowego-funduszu-rozwoju-drog"],"aioseo_notices":[],"_links":{"self":[{"href":"https:\/\/zdp.ostroleka.pl\/index.php?rest_route=\/wp\/v2\/posts\/1257","targetHints":{"allow":["GET"]}}],"collection":[{"href":"https:\/\/zdp.ostroleka.pl\/index.php?rest_route=\/wp\/v2\/posts"}],"about":[{"href":"https:\/\/zdp.ostroleka.pl\/index.php?rest_route=\/wp\/v2\/types\/post"}],"author":[{"embeddable":true,"href":"https:\/\/zdp.ostroleka.pl\/index.php?rest_route=\/wp\/v2\/users\/2"}],"replies":[{"embeddable":true,"href":"https:\/\/zdp.ostroleka.pl\/index.php?rest_route=%2Fwp%2Fv2%2Fcomments&post=1257"}],"version-history":[{"count":3,"href":"https:\/\/zdp.ostroleka.pl\/index.php?rest_route=\/wp\/v2\/posts\/1257\/revisions"}],"predecessor-version":[{"id":1283,"href":"https:\/\/zdp.ostroleka.pl\/index.php?rest_route=\/wp\/v2\/posts\/1257\/revisions\/1283"}],"wp:attachment":[{"href":"https:\/\/zdp.ostroleka.pl\/index.php?rest_route=%2Fwp%2Fv2%2Fmedia&parent=1257"}],"wp:term":[{"taxonomy":"category","embeddable":true,"href":"https:\/\/zdp.ostroleka.pl\/index.php?rest_route=%2Fwp%2Fv2%2Fcategories&post=1257"},{"taxonomy":"post_tag","embeddable":true,"href":"https:\/\/zdp.ostroleka.pl\/index.php?rest_route=%2Fwp%2Fv2%2Ftags&post=1257"}],"curies":[{"name":"wp","href":"https:\/\/api.w.org\/{rel}","templated":true}]}}