{"id":1215,"date":"2021-12-08T10:50:18","date_gmt":"2021-12-08T09:50:18","guid":{"rendered":"https:\/\/zdp.ostroleka.pl\/?p=1215"},"modified":"2021-12-08T10:50:19","modified_gmt":"2021-12-08T09:50:19","slug":"lista-kandydatow","status":"publish","type":"post","link":"https:\/\/zdp.ostroleka.pl\/?p=1215","title":{"rendered":"Lista kandydat\u00f3w"},"content":{"rendered":"\n<p>Lista kandydat\u00f3w spe\u0142niaj\u0105cych wymagania formalne na stanowisko kierownika dzia\u0142u technicznego.<\/p>\n\n\n\n<div class=\"wp-block-file\"><a href=\"https:\/\/zdp.ostroleka.pl\/wp-content\/uploads\/2021\/12\/CCI20211208_0001-scaled.jpg\">Lista kandydat\u00f3w<\/a><a href=\"https:\/\/zdp.ostroleka.pl\/wp-content\/uploads\/2021\/12\/CCI20211208_0001-scaled.jpg\" class=\"wp-block-file__button\" download>Pobierz<\/a><\/div>\n","protected":false},"excerpt":{"rendered":"<p>Lista kandydat\u00f3w spe\u0142niaj\u0105cych wymagania formalne na stanowisko kierownika dzia\u0142u technicznego.<\/p>\n","protected":false},"author":2,"featured_media":36,"comment_status":"closed","ping_status":"closed","sticky":false,"template":"","format":"standard","meta":{"om_disable_all_campaigns":false,"_monsterinsights_skip_tracking":false,"_monsterinsights_sitenote_active":false,"_monsterinsights_sitenote_note":"","_monsterinsights_sitenote_category":0,"footnotes":""},"categories":[3,14],"tags":[],"class_list":["post-1215","post","type-post","status-publish","format-standard","has-post-thumbnail","hentry","category-aktualnosci","category-nabor-pracownikow"],"aioseo_notices":[],"_links":{"self":[{"href":"https:\/\/zdp.ostroleka.pl\/index.php?rest_route=\/wp\/v2\/posts\/1215","targetHints":{"allow":["GET"]}}],"collection":[{"href":"https:\/\/zdp.ostroleka.pl\/index.php?rest_route=\/wp\/v2\/posts"}],"about":[{"href":"https:\/\/zdp.ostroleka.pl\/index.php?rest_route=\/wp\/v2\/types\/post"}],"author":[{"embeddable":true,"href":"https:\/\/zdp.ostroleka.pl\/index.php?rest_route=\/wp\/v2\/users\/2"}],"replies":[{"embeddable":true,"href":"https:\/\/zdp.ostroleka.pl\/index.php?rest_route=%2Fwp%2Fv2%2Fcomments&post=1215"}],"version-history":[{"count":1,"href":"https:\/\/zdp.ostroleka.pl\/index.php?rest_route=\/wp\/v2\/posts\/1215\/revisions"}],"predecessor-version":[{"id":1217,"href":"https:\/\/zdp.ostroleka.pl\/index.php?rest_route=\/wp\/v2\/posts\/1215\/revisions\/1217"}],"wp:featuredmedia":[{"embeddable":true,"href":"https:\/\/zdp.ostroleka.pl\/index.php?rest_route=\/wp\/v2\/media\/36"}],"wp:attachment":[{"href":"https:\/\/zdp.ostroleka.pl\/index.php?rest_route=%2Fwp%2Fv2%2Fmedia&parent=1215"}],"wp:term":[{"taxonomy":"category","embeddable":true,"href":"https:\/\/zdp.ostroleka.pl\/index.php?rest_route=%2Fwp%2Fv2%2Fcategories&post=1215"},{"taxonomy":"post_tag","embeddable":true,"href":"https:\/\/zdp.ostroleka.pl\/index.php?rest_route=%2Fwp%2Fv2%2Ftags&post=1215"}],"curies":[{"name":"wp","href":"https:\/\/api.w.org\/{rel}","templated":true}]}}