{"id":1108,"date":"2021-11-24T10:57:46","date_gmt":"2021-11-24T09:57:46","guid":{"rendered":"https:\/\/zdp.ostroleka.pl\/?p=1108"},"modified":"2021-11-24T10:59:06","modified_gmt":"2021-11-24T09:59:06","slug":"ogloszenie-o-sprzedazy-samochodu-sluzbowego-fiat-punto","status":"publish","type":"post","link":"https:\/\/zdp.ostroleka.pl\/?p=1108","title":{"rendered":"Og\u0142oszenie o sprzeda\u017cy samochodu s\u0142u\u017cbowego &#8211; Fiat Punto"},"content":{"rendered":"\n<p>Og\u0142oszenie&nbsp;o&nbsp;sprzeda\u017cy&nbsp;samochodu&nbsp;s\u0142u\u017cbowego&nbsp;&#8211;&nbsp;Fiat&nbsp;Punto<\/p>\n\n\n\n<p>Za\u0142\u0105czniki:<\/p>\n\n\n\n<div class=\"wp-block-file\"><a href=\"https:\/\/zdp.ostroleka.pl\/wp-content\/uploads\/2021\/11\/Ogloszenie-2.pdf\">Ogloszenie-2<\/a><a href=\"https:\/\/zdp.ostroleka.pl\/wp-content\/uploads\/2021\/11\/Ogloszenie-2.pdf\" class=\"wp-block-file__button\" download>Pobierz<\/a><\/div>\n\n\n\n<div class=\"wp-block-file\"><a href=\"https:\/\/zdp.ostroleka.pl\/wp-content\/uploads\/2021\/11\/Formularz-ofertowy.doc\">Formularz-ofertowy<\/a><a href=\"https:\/\/zdp.ostroleka.pl\/wp-content\/uploads\/2021\/11\/Formularz-ofertowy.doc\" class=\"wp-block-file__button\" download>Pobierz<\/a><\/div>\n\n\n\n<figure class=\"wp-block-gallery columns-3 is-cropped wp-block-gallery-1 is-layout-flex wp-block-gallery-is-layout-flex\"><ul class=\"blocks-gallery-grid\"><li class=\"blocks-gallery-item\"><figure><img decoding=\"async\" width=\"1024\" height=\"576\" src=\"https:\/\/zdp.ostroleka.pl\/wp-content\/uploads\/2021\/11\/P1030544-1024x576.jpg\" alt=\"P1030544\" data-id=\"1111\" data-full-url=\"https:\/\/zdp.ostroleka.pl\/wp-content\/uploads\/2021\/11\/P1030544.jpg\" data-link=\"https:\/\/zdp.ostroleka.pl\/?attachment_id=1111\" class=\"wp-image-1111\" srcset=\"https:\/\/zdp.ostroleka.pl\/wp-content\/uploads\/2021\/11\/P1030544-1024x576.jpg 1024w, https:\/\/zdp.ostroleka.pl\/wp-content\/uploads\/2021\/11\/P1030544-300x169.jpg 300w, https:\/\/zdp.ostroleka.pl\/wp-content\/uploads\/2021\/11\/P1030544-768x432.jpg 768w, https:\/\/zdp.ostroleka.pl\/wp-content\/uploads\/2021\/11\/P1030544-1536x864.jpg 1536w, https:\/\/zdp.ostroleka.pl\/wp-content\/uploads\/2021\/11\/P1030544.jpg 1920w\" sizes=\"(max-width: 1024px) 100vw, 1024px\" \/><figcaption class=\"blocks-gallery-item__caption\">P1030544<\/figcaption><\/figure><\/li><li class=\"blocks-gallery-item\"><figure><img decoding=\"async\" width=\"1024\" height=\"576\" src=\"https:\/\/zdp.ostroleka.pl\/wp-content\/uploads\/2021\/11\/P1030545-1024x576.jpg\" alt=\"P1030545\" data-id=\"1112\" data-full-url=\"https:\/\/zdp.ostroleka.pl\/wp-content\/uploads\/2021\/11\/P1030545.jpg\" data-link=\"https:\/\/zdp.ostroleka.pl\/?attachment_id=1112\" class=\"wp-image-1112\" srcset=\"https:\/\/zdp.ostroleka.pl\/wp-content\/uploads\/2021\/11\/P1030545-1024x576.jpg 1024w, https:\/\/zdp.ostroleka.pl\/wp-content\/uploads\/2021\/11\/P1030545-300x169.jpg 300w, https:\/\/zdp.ostroleka.pl\/wp-content\/uploads\/2021\/11\/P1030545-768x432.jpg 768w, https:\/\/zdp.ostroleka.pl\/wp-content\/uploads\/2021\/11\/P1030545-1536x864.jpg 1536w, https:\/\/zdp.ostroleka.pl\/wp-content\/uploads\/2021\/11\/P1030545.jpg 1920w\" sizes=\"(max-width: 1024px) 100vw, 1024px\" \/><figcaption class=\"blocks-gallery-item__caption\">P1030545<\/figcaption><\/figure><\/li><li class=\"blocks-gallery-item\"><figure><img decoding=\"async\" width=\"1024\" height=\"576\" src=\"https:\/\/zdp.ostroleka.pl\/wp-content\/uploads\/2021\/11\/P1030547-1024x576.jpg\" alt=\"P1030547\" data-id=\"1113\" data-full-url=\"https:\/\/zdp.ostroleka.pl\/wp-content\/uploads\/2021\/11\/P1030547.jpg\" data-link=\"https:\/\/zdp.ostroleka.pl\/?attachment_id=1113\" class=\"wp-image-1113\" srcset=\"https:\/\/zdp.ostroleka.pl\/wp-content\/uploads\/2021\/11\/P1030547-1024x576.jpg 1024w, https:\/\/zdp.ostroleka.pl\/wp-content\/uploads\/2021\/11\/P1030547-300x169.jpg 300w, https:\/\/zdp.ostroleka.pl\/wp-content\/uploads\/2021\/11\/P1030547-768x432.jpg 768w, https:\/\/zdp.ostroleka.pl\/wp-content\/uploads\/2021\/11\/P1030547-1536x864.jpg 1536w, https:\/\/zdp.ostroleka.pl\/wp-content\/uploads\/2021\/11\/P1030547.jpg 1920w\" sizes=\"(max-width: 1024px) 100vw, 1024px\" \/><figcaption class=\"blocks-gallery-item__caption\">P1030547<\/figcaption><\/figure><\/li><li class=\"blocks-gallery-item\"><figure><img decoding=\"async\" width=\"1024\" height=\"576\" src=\"https:\/\/zdp.ostroleka.pl\/wp-content\/uploads\/2021\/11\/P1030548-1024x576.jpg\" alt=\"P1030548\" data-id=\"1114\" data-full-url=\"https:\/\/zdp.ostroleka.pl\/wp-content\/uploads\/2021\/11\/P1030548.jpg\" data-link=\"https:\/\/zdp.ostroleka.pl\/?attachment_id=1114\" class=\"wp-image-1114\" srcset=\"https:\/\/zdp.ostroleka.pl\/wp-content\/uploads\/2021\/11\/P1030548-1024x576.jpg 1024w, https:\/\/zdp.ostroleka.pl\/wp-content\/uploads\/2021\/11\/P1030548-300x169.jpg 300w, https:\/\/zdp.ostroleka.pl\/wp-content\/uploads\/2021\/11\/P1030548-768x432.jpg 768w, https:\/\/zdp.ostroleka.pl\/wp-content\/uploads\/2021\/11\/P1030548-1536x864.jpg 1536w, https:\/\/zdp.ostroleka.pl\/wp-content\/uploads\/2021\/11\/P1030548.jpg 1920w\" sizes=\"(max-width: 1024px) 100vw, 1024px\" \/><figcaption class=\"blocks-gallery-item__caption\">P1030548<\/figcaption><\/figure><\/li><\/ul><\/figure>\n","protected":false},"excerpt":{"rendered":"<p>Og\u0142oszenie&nbsp;o&nbsp;sprzeda\u017cy&nbsp;samochodu&nbsp;s\u0142u\u017cbowego&nbsp;&#8211;&nbsp;Fiat&nbsp;Punto Za\u0142\u0105czniki:<\/p>\n","protected":false},"author":1,"featured_media":36,"comment_status":"closed","ping_status":"closed","sticky":false,"template":"","format":"standard","meta":{"om_disable_all_campaigns":false,"_monsterinsights_skip_tracking":false,"_monsterinsights_sitenote_active":false,"_monsterinsights_sitenote_note":"","_monsterinsights_sitenote_category":0,"footnotes":""},"categories":[3],"tags":[],"class_list":["post-1108","post","type-post","status-publish","format-standard","has-post-thumbnail","hentry","category-aktualnosci"],"aioseo_notices":[],"_links":{"self":[{"href":"https:\/\/zdp.ostroleka.pl\/index.php?rest_route=\/wp\/v2\/posts\/1108","targetHints":{"allow":["GET"]}}],"collection":[{"href":"https:\/\/zdp.ostroleka.pl\/index.php?rest_route=\/wp\/v2\/posts"}],"about":[{"href":"https:\/\/zdp.ostroleka.pl\/index.php?rest_route=\/wp\/v2\/types\/post"}],"author":[{"embeddable":true,"href":"https:\/\/zdp.ostroleka.pl\/index.php?rest_route=\/wp\/v2\/users\/1"}],"replies":[{"embeddable":true,"href":"https:\/\/zdp.ostroleka.pl\/index.php?rest_route=%2Fwp%2Fv2%2Fcomments&post=1108"}],"version-history":[{"count":2,"href":"https:\/\/zdp.ostroleka.pl\/index.php?rest_route=\/wp\/v2\/posts\/1108\/revisions"}],"predecessor-version":[{"id":1116,"href":"https:\/\/zdp.ostroleka.pl\/index.php?rest_route=\/wp\/v2\/posts\/1108\/revisions\/1116"}],"wp:featuredmedia":[{"embeddable":true,"href":"https:\/\/zdp.ostroleka.pl\/index.php?rest_route=\/wp\/v2\/media\/36"}],"wp:attachment":[{"href":"https:\/\/zdp.ostroleka.pl\/index.php?rest_route=%2Fwp%2Fv2%2Fmedia&parent=1108"}],"wp:term":[{"taxonomy":"category","embeddable":true,"href":"https:\/\/zdp.ostroleka.pl\/index.php?rest_route=%2Fwp%2Fv2%2Fcategories&post=1108"},{"taxonomy":"post_tag","embeddable":true,"href":"https:\/\/zdp.ostroleka.pl\/index.php?rest_route=%2Fwp%2Fv2%2Ftags&post=1108"}],"curies":[{"name":"wp","href":"https:\/\/api.w.org\/{rel}","templated":true}]}}