{"id":1099,"date":"2021-11-24T10:55:38","date_gmt":"2021-11-24T09:55:38","guid":{"rendered":"https:\/\/zdp.ostroleka.pl\/?p=1099"},"modified":"2021-11-24T10:56:17","modified_gmt":"2021-11-24T09:56:17","slug":"sprzedaz-samochodu-sluzbowego-daewoo-lanos","status":"publish","type":"post","link":"https:\/\/zdp.ostroleka.pl\/?p=1099","title":{"rendered":"Sprzeda\u017c samochodu s\u0142u\u017cbowego &#8211; Daewoo Lanos"},"content":{"rendered":"\n<p>Sprzeda\u017c&nbsp;samochodu&nbsp;s\u0142u\u017cbowego&nbsp;&#8211;&nbsp;Daewoo&nbsp;Lanos<\/p>\n\n\n\n<p>Za\u0142\u0105czniki:<\/p>\n\n\n\n<div class=\"wp-block-file\"><a href=\"https:\/\/zdp.ostroleka.pl\/wp-content\/uploads\/2021\/11\/SKM_C450i21112407170.pdf\">Og\u0142oszenie<\/a><a href=\"https:\/\/zdp.ostroleka.pl\/wp-content\/uploads\/2021\/11\/SKM_C450i21112407170.pdf\" class=\"wp-block-file__button\" download>Pobierz<\/a><\/div>\n\n\n\n<div class=\"wp-block-file\"><a href=\"https:\/\/zdp.ostroleka.pl\/wp-content\/uploads\/2021\/11\/Formularz-ofertowy-LANOS.doc\">Formularz-ofertowy-LANOS<\/a><a href=\"https:\/\/zdp.ostroleka.pl\/wp-content\/uploads\/2021\/11\/Formularz-ofertowy-LANOS.doc\" class=\"wp-block-file__button\" download>Pobierz<\/a><\/div>\n\n\n\n<figure class=\"wp-block-gallery columns-3 is-cropped wp-block-gallery-1 is-layout-flex wp-block-gallery-is-layout-flex\"><ul class=\"blocks-gallery-grid\"><li class=\"blocks-gallery-item\"><figure><img decoding=\"async\" width=\"1024\" height=\"576\" src=\"https:\/\/zdp.ostroleka.pl\/wp-content\/uploads\/2021\/11\/P1030932-1024x576.jpg\" alt=\"P1030932\" data-id=\"1102\" data-full-url=\"https:\/\/zdp.ostroleka.pl\/wp-content\/uploads\/2021\/11\/P1030932.jpg\" data-link=\"https:\/\/zdp.ostroleka.pl\/?attachment_id=1102\" class=\"wp-image-1102\" srcset=\"https:\/\/zdp.ostroleka.pl\/wp-content\/uploads\/2021\/11\/P1030932-1024x576.jpg 1024w, https:\/\/zdp.ostroleka.pl\/wp-content\/uploads\/2021\/11\/P1030932-300x169.jpg 300w, https:\/\/zdp.ostroleka.pl\/wp-content\/uploads\/2021\/11\/P1030932-768x432.jpg 768w, https:\/\/zdp.ostroleka.pl\/wp-content\/uploads\/2021\/11\/P1030932-1536x864.jpg 1536w, https:\/\/zdp.ostroleka.pl\/wp-content\/uploads\/2021\/11\/P1030932.jpg 1920w\" sizes=\"(max-width: 1024px) 100vw, 1024px\" \/><figcaption class=\"blocks-gallery-item__caption\">P1030932<\/figcaption><\/figure><\/li><li class=\"blocks-gallery-item\"><figure><img decoding=\"async\" width=\"1024\" height=\"576\" src=\"https:\/\/zdp.ostroleka.pl\/wp-content\/uploads\/2021\/11\/P1030933-1024x576.jpg\" alt=\"P1030933\" data-id=\"1103\" data-full-url=\"https:\/\/zdp.ostroleka.pl\/wp-content\/uploads\/2021\/11\/P1030933.jpg\" data-link=\"https:\/\/zdp.ostroleka.pl\/?attachment_id=1103\" class=\"wp-image-1103\" srcset=\"https:\/\/zdp.ostroleka.pl\/wp-content\/uploads\/2021\/11\/P1030933-1024x576.jpg 1024w, https:\/\/zdp.ostroleka.pl\/wp-content\/uploads\/2021\/11\/P1030933-300x169.jpg 300w, https:\/\/zdp.ostroleka.pl\/wp-content\/uploads\/2021\/11\/P1030933-768x432.jpg 768w, https:\/\/zdp.ostroleka.pl\/wp-content\/uploads\/2021\/11\/P1030933-1536x864.jpg 1536w, https:\/\/zdp.ostroleka.pl\/wp-content\/uploads\/2021\/11\/P1030933.jpg 1920w\" sizes=\"(max-width: 1024px) 100vw, 1024px\" \/><figcaption class=\"blocks-gallery-item__caption\">P1030933<\/figcaption><\/figure><\/li><li class=\"blocks-gallery-item\"><figure><img decoding=\"async\" width=\"1024\" height=\"576\" src=\"https:\/\/zdp.ostroleka.pl\/wp-content\/uploads\/2021\/11\/P1030934-1024x576.jpg\" alt=\"P1030934\" data-id=\"1104\" data-full-url=\"https:\/\/zdp.ostroleka.pl\/wp-content\/uploads\/2021\/11\/P1030934.jpg\" data-link=\"https:\/\/zdp.ostroleka.pl\/?attachment_id=1104\" class=\"wp-image-1104\" srcset=\"https:\/\/zdp.ostroleka.pl\/wp-content\/uploads\/2021\/11\/P1030934-1024x576.jpg 1024w, https:\/\/zdp.ostroleka.pl\/wp-content\/uploads\/2021\/11\/P1030934-300x169.jpg 300w, https:\/\/zdp.ostroleka.pl\/wp-content\/uploads\/2021\/11\/P1030934-768x432.jpg 768w, https:\/\/zdp.ostroleka.pl\/wp-content\/uploads\/2021\/11\/P1030934-1536x864.jpg 1536w, https:\/\/zdp.ostroleka.pl\/wp-content\/uploads\/2021\/11\/P1030934.jpg 1920w\" sizes=\"(max-width: 1024px) 100vw, 1024px\" \/><figcaption class=\"blocks-gallery-item__caption\">P1030934<\/figcaption><\/figure><\/li><li class=\"blocks-gallery-item\"><figure><img decoding=\"async\" width=\"1024\" height=\"576\" src=\"https:\/\/zdp.ostroleka.pl\/wp-content\/uploads\/2021\/11\/P1030936-1024x576.jpg\" alt=\"P1030936\" data-id=\"1105\" data-full-url=\"https:\/\/zdp.ostroleka.pl\/wp-content\/uploads\/2021\/11\/P1030936.jpg\" data-link=\"https:\/\/zdp.ostroleka.pl\/?attachment_id=1105\" class=\"wp-image-1105\" srcset=\"https:\/\/zdp.ostroleka.pl\/wp-content\/uploads\/2021\/11\/P1030936-1024x576.jpg 1024w, https:\/\/zdp.ostroleka.pl\/wp-content\/uploads\/2021\/11\/P1030936-300x169.jpg 300w, https:\/\/zdp.ostroleka.pl\/wp-content\/uploads\/2021\/11\/P1030936-768x432.jpg 768w, https:\/\/zdp.ostroleka.pl\/wp-content\/uploads\/2021\/11\/P1030936-1536x864.jpg 1536w, https:\/\/zdp.ostroleka.pl\/wp-content\/uploads\/2021\/11\/P1030936.jpg 1920w\" sizes=\"(max-width: 1024px) 100vw, 1024px\" \/><figcaption class=\"blocks-gallery-item__caption\">P1030936<\/figcaption><\/figure><\/li><\/ul><\/figure>\n","protected":false},"excerpt":{"rendered":"<p>Sprzeda\u017c&nbsp;samochodu&nbsp;s\u0142u\u017cbowego&nbsp;&#8211;&nbsp;Daewoo&nbsp;Lanos Za\u0142\u0105czniki:<\/p>\n","protected":false},"author":1,"featured_media":1102,"comment_status":"closed","ping_status":"closed","sticky":false,"template":"","format":"standard","meta":{"om_disable_all_campaigns":false,"_monsterinsights_skip_tracking":false,"_monsterinsights_sitenote_active":false,"_monsterinsights_sitenote_note":"","_monsterinsights_sitenote_category":0,"footnotes":""},"categories":[3],"tags":[],"class_list":["post-1099","post","type-post","status-publish","format-standard","has-post-thumbnail","hentry","category-aktualnosci"],"aioseo_notices":[],"_links":{"self":[{"href":"https:\/\/zdp.ostroleka.pl\/index.php?rest_route=\/wp\/v2\/posts\/1099","targetHints":{"allow":["GET"]}}],"collection":[{"href":"https:\/\/zdp.ostroleka.pl\/index.php?rest_route=\/wp\/v2\/posts"}],"about":[{"href":"https:\/\/zdp.ostroleka.pl\/index.php?rest_route=\/wp\/v2\/types\/post"}],"author":[{"embeddable":true,"href":"https:\/\/zdp.ostroleka.pl\/index.php?rest_route=\/wp\/v2\/users\/1"}],"replies":[{"embeddable":true,"href":"https:\/\/zdp.ostroleka.pl\/index.php?rest_route=%2Fwp%2Fv2%2Fcomments&post=1099"}],"version-history":[{"count":2,"href":"https:\/\/zdp.ostroleka.pl\/index.php?rest_route=\/wp\/v2\/posts\/1099\/revisions"}],"predecessor-version":[{"id":1107,"href":"https:\/\/zdp.ostroleka.pl\/index.php?rest_route=\/wp\/v2\/posts\/1099\/revisions\/1107"}],"wp:featuredmedia":[{"embeddable":true,"href":"https:\/\/zdp.ostroleka.pl\/index.php?rest_route=\/wp\/v2\/media\/1102"}],"wp:attachment":[{"href":"https:\/\/zdp.ostroleka.pl\/index.php?rest_route=%2Fwp%2Fv2%2Fmedia&parent=1099"}],"wp:term":[{"taxonomy":"category","embeddable":true,"href":"https:\/\/zdp.ostroleka.pl\/index.php?rest_route=%2Fwp%2Fv2%2Fcategories&post=1099"},{"taxonomy":"post_tag","embeddable":true,"href":"https:\/\/zdp.ostroleka.pl\/index.php?rest_route=%2Fwp%2Fv2%2Ftags&post=1099"}],"curies":[{"name":"wp","href":"https:\/\/api.w.org\/{rel}","templated":true}]}}